{"id":476,"date":"2020-11-23T06:58:40","date_gmt":"2020-11-23T05:58:40","guid":{"rendered":"http:\/\/www.lenquetedessens.dealersdescience.com\/?p=476"},"modified":"2021-01-18T11:54:20","modified_gmt":"2021-01-18T10:54:20","slug":"portrait-abdelhamid-benazzouz","status":"publish","type":"post","link":"https:\/\/www.lenquetedessens.dealersdescience.com\/index.php\/2020\/11\/23\/portrait-abdelhamid-benazzouz\/","title":{"rendered":"Abdelhamid : sp\u00e9cialiste de la maladie de Parkinson"},"content":{"rendered":"\n<div class=\"wp-block-cover alignfull has-background-dim\" style=\"background-color:#cfdffc\"><div class=\"wp-block-cover__inner-container is-layout-flow wp-block-cover-is-layout-flow\">\n<div class=\"wp-block-columns is-layout-flex wp-container-core-columns-is-layout-9d6595d7 wp-block-columns-is-layout-flex\">\n<div class=\"wp-block-column is-vertically-aligned-center is-layout-flow wp-block-column-is-layout-flow\">\n<h1 class=\"has-text-align-center has-text-color wp-block-heading\" style=\"color:#1b2c31\">Abdelhamid Benazzouz, sp\u00e9cialiste de la maladie de Parkinson<\/h1>\n\n\n\n<h3 class=\"has-text-align-center has-black-color has-text-color wp-block-heading\">Directeur de recherche \u00e0 l\u2019Inserm, Abdelhamid Benazzouz est aussi \u00e0 la t\u00eate de l\u2019\u00e9quipe de recherche&nbsp;<em>Neurochimie, stimulation c\u00e9r\u00e9brale profonde et maladie de Parkinson<\/em>&nbsp;\u00e0 l\u2019Institut des maladies neurod\u00e9g\u00e9n\u00e9ratives (IMN) <a href=\"https:\/\/www.lenquetedessens.dealersdescience.com\/wp-admin\/post.php?post=476&amp;action=edit#_ftn1\">[1]<\/a> de Bordeaux. Neurobiologiste et neurophysiologiste, il travaille depuis le d\u00e9but de sa carri\u00e8re sur la maladie de Parkinson.<\/h3>\n<\/div>\n<\/div>\n<\/div><\/div>\n\n\n\n<div style=\"height:45px\" aria-hidden=\"true\" class=\"wp-block-spacer\"><\/div>\n\n\n\n<div class=\"wp-block-columns is-layout-flex wp-container-core-columns-is-layout-9d6595d7 wp-block-columns-is-layout-flex\">\n<div class=\"wp-block-column is-vertically-aligned-center is-layout-flow wp-block-column-is-layout-flow\">\n<div class=\"wp-block-image\"><figure class=\"aligncenter size-large\"><img decoding=\"async\" width=\"904\" height=\"537\" src=\"http:\/\/www.lenquetedessens.dealersdescience.com\/wp-content\/uploads\/2021\/01\/AB.jpg\" alt=\"Abdelhamid Benazzouz est assis sur des fauteuils color\u00e9s dans un hall. \" class=\"wp-image-1371\" srcset=\"https:\/\/www.lenquetedessens.dealersdescience.com\/wp-content\/uploads\/2021\/01\/AB.jpg 904w, https:\/\/www.lenquetedessens.dealersdescience.com\/wp-content\/uploads\/2021\/01\/AB-300x178.jpg 300w, https:\/\/www.lenquetedessens.dealersdescience.com\/wp-content\/uploads\/2021\/01\/AB-768x456.jpg 768w\" sizes=\"(max-width: 904px) 100vw, 904px\" \/><figcaption>\u00a9 Abdelhamid BENAZZOUZ<br>Portrait de Abdelhamid Benazzouz<\/figcaption><\/figure><\/div>\n\n\n\n<p><\/p>\n<\/div>\n\n\n\n<div class=\"wp-block-column is-vertically-aligned-center is-layout-flow wp-block-column-is-layout-flow\">\n<p>Apr\u00e8s avoir obtenu son baccalaur\u00e9at scientifique au Maroc, Abdelhamid Benazzouz int\u00e8gre la facult\u00e9 des sciences de T\u00e9touan, dans le nord du Maroc, o\u00f9 il obtient sa licence, en physiologie animale. Souhaitant devenir chercheur, il quitte son pays d\u2019origine pour poursuivre ses \u00e9tudes en France, \u00e0 Bordeaux, o\u00f9 il effectue un dipl\u00f4me d\u2019\u00e9tudes approfondies (DEA), l\u2019\u00e9quivalent d\u2019un master, en neurosciences. Abdelhamid Benazzouz obtient ensuite un doctorat sp\u00e9cialis\u00e9 en neurosciences et pharmacologie \u00e0 l\u2019universit\u00e9 de Bordeaux. Pendant sa th\u00e8se, il devient un des pionnier\u00b7\u00e8res de la m\u00e9thode de \u00ab&nbsp;stimulation haute fr\u00e9quence du noyau sous thalamique&nbsp;\u00bb chez le primate, approche efficace pour am\u00e9liorer les sympt\u00f4mes moteurs de la maladie de Parkinson. Ce travail, lui ouvre les portes d\u2019un laboratoire \u00e0 l\u2019Universit\u00e9 Joseph Fourier dans la ville de Grenoble, o\u00f9 il r\u00e9alise son r\u00eave, celui de tester son approche th\u00e9rapeutique aux patient\u00b7es parkinsonien\u00b7nes. En 1998, Abdelhamid Benazzouz int\u00e8gre l\u2019Inserm, institut de recherche d\u00e9di\u00e9 \u00e0 la recherche biologique, m\u00e9dicale et \u00e0 la sant\u00e9 humaine, en tant que charg\u00e9 de recherche. Depuis 2005, il est directeur de recherche \u00e0 Bordeaux et chef de l\u2019\u00e9quipe neurochimie, stimulation c\u00e9r\u00e9brale profonde et maladie de Parkinson de l\u2019Institut des maladies neurod\u00e9g\u00e9n\u00e9ratives de Bordeaux.<\/p>\n<\/div>\n<\/div>\n\n\n\n<h3 class=\"has-text-color wp-block-heading\" style=\"color:#e09e2e\">Guid\u00e9 par ses passions<\/h3>\n\n\n\n<p>D\u00e8s son plus jeune \u00e2ge Abdelhamid Benazzouz est attir\u00e9 par les sciences et le m\u00e9tier de chercheur\u00b7e \u00ab&nbsp;J\u2019adorais regarder les films qui parlaient de la recherche&nbsp;\u00bb nous confie le chef d\u2019\u00e9quipe. Souhaitant \u00ab&nbsp;apporter quelque chose&nbsp;\u00bb et \u00ab&nbsp;rendre service \u00e0 l\u2019humanit\u00e9&nbsp;\u00bb, c\u2019est tout naturellement qu\u2019il emprunta la voie de la recherche biom\u00e9dicale. Conscient de la difficult\u00e9 \u00e0 devenir chercheur, m\u00e9tier qu\u2019il souhaitait tant exercer, ainsi que du faible nombre de postes disponibles, il mit toutes les chances de son c\u00f4t\u00e9 pour r\u00e9ussir, en quittant son pays d\u2019origine pour \u00e9tudier en France.&nbsp;\u00catre chercheur, c\u2019\u00e9tait une \u00e9vidence pour Abdelhamid Benazzouz&nbsp;: \u00ab&nbsp;J\u2019avais deux passions quand j\u2019\u00e9tais jeune, la recherche et la musique. La recherche l\u2019a emport\u00e9.&nbsp;\u00bb nous confie-t-il. &nbsp;<\/p>\n\n\n\n<h3 class=\"has-text-color wp-block-heading\" style=\"color:#e09e2e\">Sa th\u00e8se, l\u00e0 o\u00f9 tout commence<\/h3>\n\n\n\n<p>Pour effectuer sa th\u00e8se, Abdelhamid Benazzouz int\u00e8gre le laboratoire du professeur Bioulac, qu\u2019il consid\u00e8re comme une r\u00e9f\u00e9rence dans le domaine de la recherche biom\u00e9dicale&nbsp;: \u00ab&nbsp;il travaillait sur des pathologies humaines et sur des primates, mod\u00e8les int\u00e9ressants, parce que ces animaux permettent d\u2019appliquer les r\u00e9sultats obtenus \u00e0 l\u2019Homme, tr\u00e8s facilement&nbsp;\u00bb nous explique le chercheur. C\u2019est donc \u00e0 cet instant que la carri\u00e8re d\u2019Abdelhamid Benazzouz prend la voie de la recherche sur la maladie de Parkinson. Pendant sa premi\u00e8re ann\u00e9e de th\u00e8se, il travaille aux c\u00f4t\u00e9s de Christian Gross, chercheur en neurophysiologie, sur les sympt\u00f4mes moteurs de la maladie de Parkinson. Plus particuli\u00e8rement, sur leur diminution, gr\u00e2ce \u00e0 la technique de greffe de neurones m\u00e9senc\u00e9phaliques embryonnaires. Sans r\u00e9sultats concluants, cette th\u00e9matique de recherche n\u2019a pas abouti et s\u2019est arr\u00eat\u00e9e avant la phase d\u2019application \u00e0 l\u2019humain\u00b7e. <\/p>\n\n\n\n<p>Pendant la deuxi\u00e8me partie de sa th\u00e8se, ses recherches se sont orient\u00e9es vers une autre technique, la stimulation \u00e9lectrique \u00e0 haute fr\u00e9quence du noyau sous-thalamique, \u00ab&nbsp;une toute petite partie c\u00e9r\u00e9brale&nbsp;\u00bb ajoute Abdelhamid Benazzouz. Cette approche, fructueuse, men\u00e9e sur un mod\u00e8le animal, lui ouvre les portes d\u2019un post-doctorat \u00e0 Grenoble. C\u2019est dans une unit\u00e9 Inserm de l\u2019universit\u00e9 Joseph Fourier, o\u00f9 il travaille avec le neurochirurgien Alim Louis Benabid, que ses recherches seront transpos\u00e9es aux patient\u00b7es atteint\u00b7es de la maladie de Parkinson. Aujourd\u2019hui cette m\u00e9thode, qui permet de r\u00e9duire de fa\u00e7on spectaculaire les sympt\u00f4mes moteurs de la maladie, est mondialement utilis\u00e9e dans les Centres hospitaliers universitaires et permet d\u2019am\u00e9liorer la qualit\u00e9 de vie des patient\u00b7es parkinsonien\u00b7nes. &nbsp;<\/p>\n\n\n\n<h3 class=\"has-text-color wp-block-heading\" style=\"color:#e09e2e\">\u00c9tudier la maladie de Parkinson<\/h3>\n\n\n\n<p>Depuis sa premi\u00e8re ann\u00e9e de th\u00e8se jusqu\u2019\u00e0 aujourd\u2019hui, Abdelhamid Benazzouz n\u2019a jamais chang\u00e9 de sujet de recherche&nbsp;: \u00ab&nbsp;J\u2019ai tout fait autour de Parkinson et j\u2019essaie de cr\u00e9er une histoire sur cette maladie.&nbsp;\u00bb ajoute le chercheur. Actuellement \u00e0 la t\u00eate de l\u2019\u00e9quipe neurochimie, stimulation c\u00e9r\u00e9brale profonde et maladie de Parkinson \u00e0 l\u2019IMN, les recherches du chef d\u2019\u00e9quipe sont d\u00e9sormais ax\u00e9es sur les sympt\u00f4mes qui n\u2019ont pas de traitement. L\u2019\u00e9quipe de recherche travaille en grande partie sur les sympt\u00f4mes non moteurs et plus particuli\u00e8rement sur \u00ab&nbsp;la douleur insupportable&nbsp;\u00bb que peuvent ressentir certain\u00b7es patient\u00b7es parkinsonien\u00b7nes. <\/p>\n\n\n\n<div class=\"wp-block-columns is-layout-flex wp-container-core-columns-is-layout-9d6595d7 wp-block-columns-is-layout-flex\">\n<div class=\"wp-block-column is-vertically-aligned-center is-layout-flow wp-block-column-is-layout-flow\">\n<div class=\"wp-block-image\"><figure class=\"aligncenter size-large is-resized\"><img decoding=\"async\" src=\"http:\/\/www.lenquetedessens.dealersdescience.com\/wp-content\/uploads\/2021\/01\/AB2.jpg\" alt=\"\" class=\"wp-image-1401\" width=\"439\" height=\"328\" srcset=\"https:\/\/www.lenquetedessens.dealersdescience.com\/wp-content\/uploads\/2021\/01\/AB2.jpg 739w, https:\/\/www.lenquetedessens.dealersdescience.com\/wp-content\/uploads\/2021\/01\/AB2-300x225.jpg 300w\" sizes=\"(max-width: 439px) 100vw, 439px\" \/><figcaption>\u00a9 Abdelhamid BENAZZOUZ <br>Abdelhamid Benazzouz, le sens donn\u00e9 \u00e0 sa recherche, en mode confin\u00e9<\/figcaption><\/figure><\/div>\n<\/div>\n\n\n\n<div class=\"wp-block-column is-vertically-aligned-center is-layout-flow wp-block-column-is-layout-flow\">\n<p>L\u2019objectif premier de l\u2019\u00e9quipe est de comprendre pourquoi certain\u00b7es patient\u00b7es ont des douleurs, pour pouvoir par la suite trouver des solutions th\u00e9rapeutiques ayant pour but d\u2019am\u00e9liorer grandement leur qualit\u00e9 de vie. M\u00eame s\u2019i\u00b7elles ont des pistes \u00ab&nbsp;vraiment tr\u00e8s prometteuses&nbsp;\u00bb leurs recherches en sont toujours \u00e0 la phase d\u2019exp\u00e9rimentation sur le mod\u00e8le animal et non sur l\u2019humain\u00b7e. L\u2019\u00e9quipe de recherche d\u2019Abdelhamid Benazzouz a une autre mission, \u00e9tudier la diversit\u00e9 des sympt\u00f4mes chez les patient\u00b7es, pour mieux les conna\u00eetre. Leurs recherches sont importantes car elles ont divers impacts soci\u00e9taux majeurs&nbsp;: am\u00e9liorer la qualit\u00e9 de vie des patient\u00b7es et des aidant\u00b7es, all\u00e9ger les prises en charges et les co\u00fbts des traitements et des actes chirurgicaux.<\/p>\n<\/div>\n<\/div>\n\n\n\n<h3 class=\"has-text-color wp-block-heading\" style=\"color:#e09e2e\">\u00catre un chercheur et un chef d\u2019\u00e9quipe<\/h3>\n\n\n\n<p>\u00ab&nbsp;La libert\u00e9 qui n\u2019a pas de prix&nbsp;\u00bb offerte par son statut de chercheur et de chef d\u2019\u00e9quipe, voil\u00e0 ce qui plait le plus \u00e0 Abdelhamid Benazzouz. Cette libert\u00e9 si pr\u00e9cieuse qui lui permet de choisir les th\u00e9matiques de recherche qu\u2019il souhaite \u00e9tudier et les approches qu\u2019il veut utiliser, poss\u00e8de n\u00e9anmoins un prix. Pour pouvoir se lancer dans un processus de recherche il faut obtenir des financements \u00ab&nbsp;et ce n\u2019est pas toujours tout rose&nbsp;\u00bb ajoute Abdelhamid Benazzouz, mais le plus important dans ce domaine c\u2019est que pour obtenir des r\u00e9sultats \u00ab&nbsp;il ne faut pas compter ses heures&nbsp;\u00bb nous confie-t-il. <\/p>\n\n\n\n<div style=\"height:45px\" aria-hidden=\"true\" class=\"wp-block-spacer\"><\/div>\n\n\n\n<figure class=\"wp-block-pullquote\" style=\"border-color:#cfdffc\"><blockquote><p><em>\u00ab<\/em> On ne choisit pas d&rsquo;\u00eatre chercheur pour l&rsquo;argent mais par passion et quand on dit passion, on ne compte pas les heures et c\u2019est indispensable parce qu\u2019il n\u2019y a pas d\u2019heures pour la recherche.&nbsp;<em>\u00bb<\/em><\/p><cite>Abdelhamid Benazzouz<\/cite><\/blockquote><\/figure>\n\n\n\n<div style=\"height:45px\" aria-hidden=\"true\" class=\"wp-block-spacer\"><\/div>\n\n\n\n<p>Conscient de la difficult\u00e9 du m\u00e9tier et de la pers\u00e9v\u00e9rance qu\u2019il faut pour obtenir des r\u00e9sultats positifs, il accorde un point d\u2019honneur \u00e0 aider les jeunes, \u00e0 les motiver, pour qu\u2019i\u00b7elles continuent dans la voie de la recherche. Comparant son \u00e9quipe \u00e0 \u00ab&nbsp;une petite famille&nbsp;\u00bb le chercheur met en avant l\u2019importance du travail collectif et de l\u2019entraide, leur permettant de faire face \u00e0 la pression constante qu\u2019ils subissent, et n\u00e9cessaire \u00e0 l\u2019aboutissement de leurs travaux.<\/p>\n\n\n\n<h3 class=\"has-text-color wp-block-heading\" style=\"color:#e09e2e\">Continuer de faire avancer la recherche<\/h3>\n\n\n\n<p>Concernant la suite de leurs recherches, leur raisonnement sera constamment le m\u00eame&nbsp;:&nbsp;\u00ab&nbsp;comprendre des m\u00e9canismes, apporter des traitements th\u00e9rapeutiques&nbsp;\u00bb toujours avec l\u2019intention premi\u00e8re d\u2019am\u00e9liorer la qualit\u00e9 de vie des patient\u00b7es Parkinsonien\u00b7nes. La maladie de Parkinson est loin d\u2019\u00eatre totalement comprise et la recherche sur ses sympt\u00f4mes est loin d\u2019\u00eatre termin\u00e9e \u00ab&nbsp;il y a encore \u00e9norm\u00e9ment de questions auxquelles on veut r\u00e9pondre et on va tout faire pour y r\u00e9pondre&nbsp;\u00bb ajoute Abdelhamid Benazzouz. <\/p>\n\n\n\n<div style=\"height:45px\" aria-hidden=\"true\" class=\"wp-block-spacer\"><\/div>\n\n\n\n<figure class=\"wp-block-pullquote has-background is-style-solid-color\" style=\"background-color:#cfdffc\"><blockquote class=\"has-text-color has-black-color\"><p>\u00ab&nbsp;Je suis ravi d\u2019avoir une \u00e9quipe que je dirige \u00e0 l\u2019Institut des maladies neurod\u00e9g\u00e9n\u00e9ratives. On a des pistes, on continue.&nbsp;\u00bb<\/p><cite>Abdelhamid Benazzouz<\/cite><\/blockquote><\/figure>\n\n\n\n<div style=\"height:45px\" aria-hidden=\"true\" class=\"wp-block-spacer\"><\/div>\n\n\n\n<p>Le chef d\u2019\u00e9quipe souligne l\u2019importance de la technologie dans l\u2019avanc\u00e9e de la recherche \u00ab&nbsp;cette \u00e9volution technologique qui va vite, c\u2019est gr\u00e2ce \u00e0 elle qu\u2019on a des outils de pointe et qu\u2019on peut r\u00e9pondre \u00e0 des questions et faire avancer la recherche.&nbsp;\u00bb Aid\u00e9\u00b7es par les avanc\u00e9es technologiques et pouss\u00e9\u00b7es par leur envie de faire avancer la recherche, Abdelhamid Benazzouz et son \u00e9quipe vont poursuivre sur la m\u00eame voie.&nbsp;&nbsp;<\/p>\n\n\n\n<p class=\"has-text-align-right\">Johanna BERMUDES<\/p>\n\n\n\n<div style=\"height:45px\" aria-hidden=\"true\" class=\"wp-block-spacer\"><\/div>\n\n\n\n<div class=\"wp-block-cover alignfull has-background-dim\" style=\"background-color:#cfdffc\"><div class=\"wp-block-cover__inner-container is-layout-flow wp-block-cover-is-layout-flow\">\n<h2 class=\"has-black-color has-text-color wp-block-heading\">\u00ab&nbsp;Je n&rsquo;aurais pas \u00e9t\u00e9 l\u00e0 si&#8230;<\/h2>\n\n\n\n<p class=\"has-text-align-left has-black-color has-text-color\">&#8230;&nbsp;je n\u2019avais pas \u00e9t\u00e9 soutenu par mes parents, qui m\u2019ont toujours pouss\u00e9 \u00e0 faire des \u00e9tudes, au plus loin possible, mon \u00e9pouse et mes deux filles qui m\u2019ont toujours soutenu et qui ont support\u00e9 mes absences. Je pense aussi \u00e0 quelque chose d\u2019important, je n\u2019aurais pas \u00e9t\u00e9 l\u00e0 si je n\u2019\u00e9tais pas venu en France. Parce que la France m\u2019a ouvert beaucoup de portes pour faire de la recherche, parce que je suis s\u00fbr que si j\u2019\u00e9tais rest\u00e9 au Maroc je n\u2019aurais pas fait de la recherche comme je la fais actuellement. Je pense que c\u2019est partag\u00e9, la France m\u2019a apport\u00e9 \u00e9norm\u00e9ment mais je pense aussi que j\u2019ai beaucoup apport\u00e9 \u00e0 la France parce que tout ce que je d\u00e9couvre est fran\u00e7ais.&nbsp;\u00bb<\/p>\n<\/div><\/div>\n\n\n\n<div style=\"height:45px\" aria-hidden=\"true\" class=\"wp-block-spacer\"><\/div>\n\n\n\n<p class=\"has-text-align-left\"><a href=\"https:\/\/www.lenquetedessens.dealersdescience.com\/wp-admin\/post.php?post=476&amp;action=edit#_ftnref1\">[1]<\/a> L\u2019IMN est un laboratoire du CNRS et de l\u2019universit\u00e9 de Bordeaux.<\/p>\n","protected":false},"excerpt":{"rendered":"<p>Apr\u00e8s avoir obtenu son baccalaur\u00e9at scientifique au Maroc, Abdelhamid Benazzouz int\u00e8gre la facult\u00e9 des sciences de T\u00e9touan, dans le nord du Maroc, o\u00f9 il obtient sa licence, en physiologie animale. Souhaitant devenir chercheur, il quitte son pays d\u2019origine pour poursuivre ses \u00e9tudes en France, \u00e0 Bordeaux, o\u00f9 il effectue un dipl\u00f4me d\u2019\u00e9tudes approfondies (DEA), l\u2019\u00e9quivalent &hellip;<\/p>\n<p class=\"read-more\"> <a class=\"\" href=\"https:\/\/www.lenquetedessens.dealersdescience.com\/index.php\/2020\/11\/23\/portrait-abdelhamid-benazzouz\/\"> <span class=\"screen-reader-text\">Abdelhamid : sp\u00e9cialiste de la maladie de Parkinson<\/span> Lire la suite\u00a0\u00bb<\/a><\/p>\n","protected":false},"author":11,"featured_media":1371,"comment_status":"open","ping_status":"open","sticky":false,"template":"","format":"standard","meta":{"site-sidebar-layout":"default","site-content-layout":"default","ast-main-header-display":"","ast-hfb-above-header-display":"","ast-hfb-below-header-display":"","ast-hfb-mobile-header-display":"","site-post-title":"","ast-breadcrumbs-content":"","ast-featured-img":"","footer-sml-layout":"","theme-transparent-header-meta":"default","adv-header-id-meta":"","stick-header-meta":"","header-above-stick-meta":"","header-main-stick-meta":"","header-below-stick-meta":"","footnotes":""},"categories":[6],"tags":[],"class_list":["post-476","post","type-post","status-publish","format-standard","has-post-thumbnail","hentry","category-portraitrecherche"],"_links":{"self":[{"href":"https:\/\/www.lenquetedessens.dealersdescience.com\/index.php\/wp-json\/wp\/v2\/posts\/476","targetHints":{"allow":["GET"]}}],"collection":[{"href":"https:\/\/www.lenquetedessens.dealersdescience.com\/index.php\/wp-json\/wp\/v2\/posts"}],"about":[{"href":"https:\/\/www.lenquetedessens.dealersdescience.com\/index.php\/wp-json\/wp\/v2\/types\/post"}],"author":[{"embeddable":true,"href":"https:\/\/www.lenquetedessens.dealersdescience.com\/index.php\/wp-json\/wp\/v2\/users\/11"}],"replies":[{"embeddable":true,"href":"https:\/\/www.lenquetedessens.dealersdescience.com\/index.php\/wp-json\/wp\/v2\/comments?post=476"}],"version-history":[{"count":49,"href":"https:\/\/www.lenquetedessens.dealersdescience.com\/index.php\/wp-json\/wp\/v2\/posts\/476\/revisions"}],"predecessor-version":[{"id":5514,"href":"https:\/\/www.lenquetedessens.dealersdescience.com\/index.php\/wp-json\/wp\/v2\/posts\/476\/revisions\/5514"}],"wp:featuredmedia":[{"embeddable":true,"href":"https:\/\/www.lenquetedessens.dealersdescience.com\/index.php\/wp-json\/wp\/v2\/media\/1371"}],"wp:attachment":[{"href":"https:\/\/www.lenquetedessens.dealersdescience.com\/index.php\/wp-json\/wp\/v2\/media?parent=476"}],"wp:term":[{"taxonomy":"category","embeddable":true,"href":"https:\/\/www.lenquetedessens.dealersdescience.com\/index.php\/wp-json\/wp\/v2\/categories?post=476"},{"taxonomy":"post_tag","embeddable":true,"href":"https:\/\/www.lenquetedessens.dealersdescience.com\/index.php\/wp-json\/wp\/v2\/tags?post=476"}],"curies":[{"name":"wp","href":"https:\/\/api.w.org\/{rel}","templated":true}]}}