{"id":502,"date":"2020-11-23T07:01:22","date_gmt":"2020-11-23T06:01:22","guid":{"rendered":"http:\/\/www.lenquetedessens.dealersdescience.com\/?p=502"},"modified":"2021-01-19T20:04:39","modified_gmt":"2021-01-19T19:04:39","slug":"portrait-gautier-depambour","status":"publish","type":"post","link":"https:\/\/www.lenquetedessens.dealersdescience.com\/index.php\/2020\/11\/23\/portrait-gautier-depambour\/","title":{"rendered":"Gautier : une nouvelle histoire de la physique"},"content":{"rendered":"\n<div class=\"wp-block-cover alignfull has-background-dim\" style=\"background-color:#ffcf91\"><div class=\"wp-block-cover__inner-container is-layout-flow wp-block-cover-is-layout-flow\">\n<div class=\"wp-block-columns is-layout-flex wp-container-core-columns-is-layout-9d6595d7 wp-block-columns-is-layout-flex\">\n<div class=\"wp-block-column is-vertically-aligned-center is-layout-flow wp-block-column-is-layout-flow\">\n<h1 class=\"has-text-align-center has-text-color wp-block-heading\" style=\"color:#1b2c31\">Gautier Depambour raconte une nouvelle histoire de la physique<\/h1>\n\n\n\n<h3 class=\"has-text-align-center has-black-color has-text-color wp-block-heading\">Chercheur en histoire des sciences et m\u00e9diateur scientifique, Gautier Depambour nous emm\u00e8ne au c\u0153ur de ses multiples m\u00e9tiers. Aujourd\u2019hui, cet ing\u00e9nieur de formation retrace dans sa th\u00e8se le d\u00e9veloppement de l&rsquo;optique quantique, un champ de recherche en physique dont l&rsquo;histoire n&rsquo;a encore jamais \u00e9t\u00e9 racont\u00e9e.<\/h3>\n<\/div>\n<\/div>\n<\/div><\/div>\n\n\n\n<div style=\"height:45px\" aria-hidden=\"true\" class=\"wp-block-spacer\"><\/div>\n\n\n\n<div class=\"wp-block-columns is-layout-flex wp-container-core-columns-is-layout-9d6595d7 wp-block-columns-is-layout-flex\">\n<div class=\"wp-block-column is-vertically-aligned-center is-layout-flow wp-block-column-is-layout-flow\">\n<div class=\"wp-block-image\"><figure class=\"aligncenter size-large\"><img decoding=\"async\" width=\"1024\" height=\"683\" src=\"http:\/\/www.lenquetedessens.dealersdescience.com\/wp-content\/uploads\/2020\/11\/portrait-Gautier-Depambour-1024x683.jpg\" alt=\"Portrait de Gautier Depambour devant des cables du Laboratoire Kastler-Brossel.\" class=\"wp-image-1729\" srcset=\"https:\/\/www.lenquetedessens.dealersdescience.com\/wp-content\/uploads\/2020\/11\/portrait-Gautier-Depambour-1024x683.jpg 1024w, https:\/\/www.lenquetedessens.dealersdescience.com\/wp-content\/uploads\/2020\/11\/portrait-Gautier-Depambour-300x200.jpg 300w, https:\/\/www.lenquetedessens.dealersdescience.com\/wp-content\/uploads\/2020\/11\/portrait-Gautier-Depambour-768x512.jpg 768w, https:\/\/www.lenquetedessens.dealersdescience.com\/wp-content\/uploads\/2020\/11\/portrait-Gautier-Depambour-1536x1024.jpg 1536w, https:\/\/www.lenquetedessens.dealersdescience.com\/wp-content\/uploads\/2020\/11\/portrait-Gautier-Depambour-2048x1365.jpg 2048w\" sizes=\"(max-width: 1024px) 100vw, 1024px\" \/><figcaption>\u00a9 Laurence HONNORAT 2018 <br>Gautier Depambour lors du stage au Laboratoire Kastler-Brossel<\/figcaption><\/figure><\/div>\n<\/div>\n\n\n\n<div class=\"wp-block-column is-vertically-aligned-center is-layout-flow wp-block-column-is-layout-flow\">\n<p>Pianiste, magicien \u00e0 ses heures perdues, ing\u00e9nieur dipl\u00f4m\u00e9, m\u00e9diateur scientifique et chercheur en histoire de la physique, Gautier Depambour a plus d\u2019un tour dans son sac. Depuis ses \u00e9tudes \u00e0 l\u2019\u00c9cole Centrale de Paris (d\u00e9sormais appel\u00e9e CentraleSup\u00e9lec), il n\u2019a cess\u00e9 de s\u2019investir dans de nombreux projets tant dans la musique que dans les sciences.<\/p>\n<\/div>\n<\/div>\n\n\n\n<p>Lors d\u2019un entretien r\u00e9alis\u00e9 le 11 novembre 2020, Gautier Depambour explique que c\u2019est surtout un stage de fin d\u2019\u00e9tudes en optique quantique au Laboratoire Kastler-Brossel (dit \u00ab&nbsp;Laboratoire aux trois prix Nobel&nbsp;\u00bb) qui va l\u2019orienter dans la recherche dans ce domaine. Gautier Depambour&nbsp;nous pr\u00e9sente<a href=\"https:\/\/youtu.be\/-OPn4zpKFZg\" data-type=\"URL\" data-id=\"https:\/\/youtu.be\/-OPn4zpKFZg\"> <\/a>ce lieu d\u2019exp\u00e9rimentation&nbsp;: \u00ab&nbsp;Dans ce laboratoire se trouve le groupe d&rsquo;\u00e9lectrodynamique quantique en cavit\u00e9 qui, depuis de nombreuses ann\u00e9es, teste des principes fondamentaux de la m\u00e9canique quantique, cette th\u00e9orie qui d\u00e9crit notre monde \u00e0 l\u2019\u00e9chelle de l\u2019infiniment petit avec une incomparable pr\u00e9cision.&nbsp;\u00bb <a href=\"#note1\">[1]<\/a>. Durant son stage, il contribue \u00e0 une exp\u00e9rience dont l&rsquo;objectif est de pi\u00e9ger des grains de lumi\u00e8re, appel\u00e9s photons, dans deux cavit\u00e9s. Cette technique permet de les observer, d&rsquo;\u00e9tudier leurs comportements et ainsi de mieux comprendre ce qu&rsquo;est la lumi\u00e8re. Pour lui, l\u2019originalit\u00e9 et la beaut\u00e9 des exp\u00e9riences en optique quantique consiste \u00ab&nbsp;\u00e0 cr\u00e9er des syst\u00e8mes tr\u00e8s simples avec une instrumentation tr\u00e8s complexe&nbsp;\u00bb.<\/p>\n\n\n\n<p>Apr\u00e8s ce stage, Gautier Depambour d\u00e9cide de ne pas suivre le chemin ordinaire d\u2019un ing\u00e9nieur centralien. Sa passion pour la physique, la philosophie et l\u2019histoire des sciences le rattrape et il choisit de s\u2019engager dans la voie de la recherche. En 2019, il obtient une bourse de th\u00e8se de la Fondation CFM (<em>Capital Fund Management<\/em>) pour \u00e9tudier au laboratoire SPHERE (Sciences, Philosophie, Histoire) la naissance et le d\u00e9veloppement de l\u2019optique quantique des ann\u00e9es 1960 aux ann\u00e9es 1980.<\/p>\n\n\n\n<h3 class=\"has-text-color wp-block-heading\" style=\"color:#e09e2e\">L\u2019optique quantique<\/h3>\n\n\n\n<p>Qu\u2019est-ce que l\u2019optique quantique&nbsp;? Gautier Depambour nous \u00e9claire sur ce sujet&nbsp;: \u00ab&nbsp;L\u2019optique quantique est une branche de la physique qui d\u00e9crit la lumi\u00e8re et ses interactions avec la mati\u00e8re \u00e0 l\u2019aide de la th\u00e9orie quantique.&nbsp;\u00bb <a href=\"https:\/\/www.lenquetedessens.dealersdescience.com\/wp-admin\/post.php?post=502&amp;action=edit#note2\">[2]<\/a>. La m\u00e9canique quantique nous dit que suivant l&rsquo;exp\u00e9rience qu&rsquo;on choisit de r\u00e9aliser, les objets quantiques peuvent se comporter comme des ondes ou comme des particules <a href=\"https:\/\/www.lenquetedessens.dealersdescience.com\/wp-admin\/post.php?post=502&amp;action=edit#note3\">[3]<\/a>. C&rsquo;est le cas de la lumi\u00e8re, qui est constitu\u00e9e de photons (objets quantiques) qui se comportent&nbsp;comme des petits corps dans leurs interactions avec la mati\u00e8re, et comme des ondes dans leur propagation. L\u2019optique quantique tente d&rsquo;int\u00e9grer ces deux aspects \u00e0 l&rsquo;aide de la th\u00e9orie quantique.<\/p>\n\n\n\n<h3 class=\"has-text-color wp-block-heading\" style=\"color:#e09e2e\">Une histoire \u00e9clairante<\/h3>\n\n\n\n<p>\u00ab&nbsp;Qu&rsquo;est devenue la lumi\u00e8re dans la deuxi\u00e8me moiti\u00e9 du XX<sup>e<\/sup> si\u00e8cle&nbsp;?&nbsp;\u00bb C&rsquo;est ce que Gautier Depambour cherche \u00e0 explorer dans sa th\u00e8se <a href=\"#note4\">[4]<\/a>. Dans les ann\u00e9es 1960, affirmer que la lumi\u00e8re est de nature quantique n\u2019\u00e9tait pas \u00e9vident. En effet, \u00e0 l&rsquo;\u00e9poque, la plupart des physicien\u00b7nes travaillant dans le domaine de l&rsquo;optique se contentaient d&rsquo;une description classique (donc ondulatoire) de la lumi\u00e8re, \u00e9tablie au XIX<sup>e<\/sup> si\u00e8cle. Or en 1963, le physicien am\u00e9ricain Roy Glauber introduisit une nouvelle th\u00e9orie quantique de la lumi\u00e8re&nbsp;: cette derni\u00e8re est \u00e0 la fois vue comme un corps et comme une onde. Cependant, une partie du monde scientifique n\u2019accepta pas cette r\u00e9volution conceptuelle, ce qui entra\u00eena des d\u00e9bats pendant de nombreuses ann\u00e9es. \u00ab&nbsp;Je cherche \u00e0 savoir comment la communaut\u00e9 de l&rsquo;optique s&rsquo;est convaincue de la n\u00e9cessit\u00e9 d\u2019utiliser la m\u00e9canique quantique pour d\u00e9crire la lumi\u00e8re.&nbsp;\u00bb <a href=\"#note5\">[5]<\/a> Cette histoire de l\u2019optique quantique n&rsquo;a pour l\u2019instant jamais \u00e9t\u00e9 racont\u00e9e. Sentir qu\u2019il apporte de nouvelles perspectives dans son domaine de recherche constitue pour ce doctorant la force de son m\u00e9tier.<\/p>\n\n\n\n<h3 class=\"has-text-color wp-block-heading\" style=\"color:#e09e2e\">B\u00e2tir une histoire<\/h3>\n\n\n\n<div class=\"wp-block-columns is-layout-flex wp-container-core-columns-is-layout-9d6595d7 wp-block-columns-is-layout-flex\">\n<div class=\"wp-block-column is-vertically-aligned-center is-layout-flow wp-block-column-is-layout-flow\">\n<div class=\"wp-block-image\"><figure class=\"aligncenter size-large is-resized\"><img decoding=\"async\" src=\"http:\/\/www.lenquetedessens.dealersdescience.com\/wp-content\/uploads\/2020\/11\/enregistreur-de-Gautier-Depambour.jpg\" alt=\"Photo d'un enregistreur\" class=\"wp-image-1728\" width=\"350\" height=\"466\" srcset=\"https:\/\/www.lenquetedessens.dealersdescience.com\/wp-content\/uploads\/2020\/11\/enregistreur-de-Gautier-Depambour.jpg 750w, https:\/\/www.lenquetedessens.dealersdescience.com\/wp-content\/uploads\/2020\/11\/enregistreur-de-Gautier-Depambour-225x300.jpg 225w\" sizes=\"(max-width: 350px) 100vw, 350px\" \/><figcaption>\u00a9 Gautier DEPAMBOUR <br>Enregistreur de Gautier Depambour<\/figcaption><\/figure><\/div>\n<\/div>\n\n\n\n<div class=\"wp-block-column is-vertically-aligned-center is-layout-flow wp-block-column-is-layout-flow\">\n<p>\u00ab&nbsp;La constitution du corpus est un \u00e9ternel sujet.&nbsp;\u00bb <a href=\"#note5\">[5]<\/a> Travailler sur des sources primaires&nbsp;est essentiel pour les historien\u00b7nes des sciences. Gautier Depambour se penche sur des articles et des ouvrages des ann\u00e9es 1950 \u00e0 1980, des anciennes interviews, des cours de l&rsquo;\u00e9poque, <em>etc.<\/em> Il effectue \u00e9galement de nombreux entretiens.&nbsp;Effectivement, il saisit l\u2019opportunit\u00e9 du confinement pour r\u00e9aliser un maximum d\u2019interviews \u00e0 distance d\u2019acteur\u00b7rices de son histoire et de les retranscrire. L\u2019enregistreur est devenu l\u2019outil de travail de cet historien des sciences confin\u00e9. M\u00eame si cette source n\u2019est pas la plus fiable dans sa th\u00e8se, cette activit\u00e9 lui parait \u00eatre la plus int\u00e9ressante dans son travail&nbsp;: \u00ab&nbsp;Interroger les gens et comprendre leur point de vue, c\u2019est ce qui me pla\u00eet le plus dans mon activit\u00e9 de chercheur.&nbsp;\u00bb.<\/p>\n<\/div>\n<\/div>\n\n\n\n<h3 class=\"has-text-color wp-block-heading\" style=\"color:#e09e2e\">Un go\u00fbt pour la m\u00e9diation scientifique<\/h3>\n\n\n\n<p>Gautier Depambour s\u2019est toujours investi dans de nombreuses actions de m\u00e9diation scientifique. Il a notamment \u00e9crit des articles pour <em>Science &amp; Vie<\/em> et r\u00e9alis\u00e9 le site de vulgarisation scientifique d\u2019\u00c9tienne Klein. <a href=\"#note6\">[6]<\/a> Apr\u00e8s cinq mois au CERN dans le groupe de communication du d\u00e9tecteur ATLAS, il a r\u00e9dig\u00e9 un livre intitul\u00e9 <em>Une Journ\u00e9e au CERN<\/em> pour raconter cet univers de la recherche au grand public.<\/p>\n\n\n\n<p>M\u00eame s\u2019il a \u00e0 c\u0153ur de mener son travail de recherche au bout et du mieux possible, il souhaite, dans le futur, se tourner vers la m\u00e9diation des sciences. Son mod\u00e8le&nbsp;? \u00c9tienne Klein, c\u00e9l\u00e8bre vulgarisateur et philosophe des sciences. D\u2019ailleurs, durant cette ann\u00e9e, ces deux m\u00e9diateurs ont tous deux \u00e9crit un livre intitul\u00e9 <em>Id\u00e9es de g\u00e9nies, Les 33 textes qui ont bouscul\u00e9 la physique<\/em> qui sortira en f\u00e9vrier 2021. Cet ouvrage introduit et contextualise 33 textes qui ont marqu\u00e9 l\u2019histoire de la physique en apportant une id\u00e9e forte.<\/p>\n\n\n\n<div style=\"height:45px\" aria-hidden=\"true\" class=\"wp-block-spacer\"><\/div>\n\n\n\n<figure class=\"wp-block-pullquote\" style=\"border-color:#ffcf91\"><blockquote><p>\u00ab&nbsp;Je me sens autant l&rsquo;\u00e2me d&rsquo;un communiquant que celle d&rsquo;un chercheur.&nbsp;\u00bb<\/p><cite>Gautier Depambour<\/cite><\/blockquote><\/figure>\n\n\n\n<div style=\"height:45px\" aria-hidden=\"true\" class=\"wp-block-spacer\"><\/div>\n\n\n\n<p>Son d\u00e9sir de communiquer les sciences ne s\u2019arr\u00eate pas \u00e0 la r\u00e9daction d\u2019ouvrages. Actuellement, il organise et participe au congr\u00e8s mondial <em><a href=\"https:\/\/timeworldevent.com\/2021\/fr\/\" data-type=\"URL\" data-id=\"https:\/\/timeworldevent.com\/2021\/fr\/\">TimeWorld<\/a><\/em>.\u00a0 Dans les ann\u00e9es \u00e0 venir, il souhaite plus s\u2019investir dans cet \u00e9v\u00e8nement et les plateformes de vulgarisation qu\u2019il y a autour. <a href=\"https:\/\/timeworldevent.com\/2021\/fr\/\" data-type=\"URL\" data-id=\"https:\/\/timeworldevent.com\/2021\/fr\/\"><em>TimeWorld<\/em><\/a> est un congr\u00e8s qui a vocation \u00e0 se d\u00e9rouler chaque ann\u00e9e \u00e0 Paris et \u00e0 l\u2019\u00e9tranger. Cette ann\u00e9e, c&rsquo;est le th\u00e8me du hasard\u00a0qui sera abord\u00e9 sous quatre aspects\u00a0: le hasard mesur\u00e9, le hasard du vivant, le hasard per\u00e7u et le hasard dans l\u2019art. L&rsquo;\u00e9v\u00e9nement se d\u00e9roulera les 1, 2, 3 juillet 2021 au Conservatoire national des arts et m\u00e9tiers \u00e0 Paris. Gautier Depambour a donc de beaux projets de m\u00e9diation des sciences pour 2021.<\/p>\n\n\n\n<p>Terminons la rencontre avec Gautier Depambour sur quelques notes de musique pour le plaisir de notre ou\u00efe. Effectivement, n\u2019oublions pas que cette semaine de culture scientifique organis\u00e9e par les \u00e9tudiant\u00b7es de l\u2019Universit\u00e9 Bordeaux Montaigne est d\u00e9di\u00e9e \u00e0 <em>L\u2019Enqu\u00eate des sens<\/em>.<\/p>\n\n\n\n<div style=\"height:45px\" aria-hidden=\"true\" class=\"wp-block-spacer\"><\/div>\n\n\n\n<div class=\"wp-block-columns is-layout-flex wp-container-core-columns-is-layout-9d6595d7 wp-block-columns-is-layout-flex\">\n<div class=\"wp-block-column is-vertically-aligned-center is-layout-flow wp-block-column-is-layout-flow\" style=\"flex-basis:100%\">\n<figure class=\"wp-block-embed aligncenter is-type-video is-provider-youtube wp-block-embed-youtube wp-embed-aspect-16-9 wp-has-aspect-ratio\"><div class=\"wp-block-embed__wrapper\">\n<div class=\"ast-oembed-container\"><iframe title=\"Piano Bar - Edith Piaf, L&#039;Hymne a\u0300 l&#039;amour\" width=\"500\" height=\"281\" src=\"https:\/\/www.youtube.com\/embed\/5X4mj999BT0?feature=oembed\" frameborder=\"0\" allow=\"accelerometer; autoplay; clipboard-write; encrypted-media; gyroscope; picture-in-picture; web-share\" referrerpolicy=\"strict-origin-when-cross-origin\" allowfullscreen><\/iframe><\/div>\n<\/div><figcaption>Gautier Depambour jouant <em>L&rsquo;hymne \u00e0 l&rsquo;amour<\/em> d\u2019Edith Piaf dans un Piano Bar.<\/figcaption><\/figure>\n<\/div>\n<\/div>\n\n\n\n<p class=\"has-text-align-right\">No\u00eblle KRAJCMAN<\/p>\n\n\n\n<div style=\"height:45px\" aria-hidden=\"true\" class=\"wp-block-spacer\"><\/div>\n\n\n\n<div class=\"wp-block-cover alignfull has-background-dim\" style=\"background-color:#ffcf91\"><div class=\"wp-block-cover__inner-container is-layout-flow wp-block-cover-is-layout-flow\">\n<h2 class=\"has-black-color has-text-color wp-block-heading\">\u00ab&nbsp;Je n\u2019aurais pas \u00e9t\u00e9 l\u00e0 si&#8230;<\/h2>\n\n\n\n<p class=\"has-black-color has-text-color\">&#8230; je n&rsquo;avais pas vu, quand j&rsquo;\u00e9tais petit, l&rsquo;\u00e9mission de Brian Greene sur la th\u00e9orie des cordes&nbsp;: la passion pour la physique ne m&rsquo;a d\u00e8s lors plus quitt\u00e9.&nbsp;\u00bb<\/p>\n<\/div><\/div>\n\n\n\n<div style=\"height:45px\" aria-hidden=\"true\" class=\"wp-block-spacer\"><\/div>\n\n\n\n<p><a name=\"note1\"><\/a>[1] Chaine <em>Ideas in Science<\/em>. L&rsquo;ubiquit\u00e9 Dans Le Monde Quantique. URL = <a href=\"https:\/\/youtu.be\/-OPn4zpKFZg\">https:\/\/youtu.be\/-OPn4zpKFZg<\/a> (Page consult\u00e9e le 23\/11\/2020).<\/p>\n\n\n\n<p><a name=\"note2\"><\/a>[2] Site de <em>Gautier Depambour<\/em>. Th\u00e8se [En ligne]. URL = <a href=\"http:\/\/gautierdepambour.fr\/these\/\">http:\/\/gautierdepambour.fr\/these\/<\/a> (Page consult\u00e9e le 23\/11\/2020).<\/p>\n\n\n\n<p><a name=\"note3\"><\/a>[3] Chaine <em>ScienceEtonnnante<\/em>. Les in\u00e9galit\u00e9s de BELL &amp; les exp\u00e9riences d&rsquo;Alain ASPECT [En ligne]. URL = <a href=\"https:\/\/www.youtube.com\/watch?v=28UN70790Do\">https:\/\/www.youtube.com\/watch?v=28UN70790Do<\/a> (Page consult\u00e9e le 23\/11\/2020).<\/p>\n\n\n\n<p><a name=\"note4\"><\/a>[4] Site de <em>Gautier Depambour<\/em>. Th\u00e8se [En ligne]. URL = <a href=\"http:\/\/gautierdepambour.fr\/these\/\">http:\/\/gautierdepambour.fr\/these\/<\/a> (Page consult\u00e9e le 23\/11\/2020).<\/p>\n\n\n\n<p><a name=\"note5\"><\/a>[5] Propos recueillis lors d\u2019un entretien personnel avec Gautier Depambour, le 11\/10\/2020, par Skype.<\/p>\n\n\n\n<p><a name=\"note6\"><\/a>[6] Site de <em>Gautier Depambour<\/em>. Parcours [En ligne]. URL = http:\/\/gautierdepambour.fr\/parcours\/ (Page consult\u00e9e le 23\/11\/2020).<\/p>\n","protected":false},"excerpt":{"rendered":"<p>Pianiste, magicien \u00e0 ses heures perdues, ing\u00e9nieur dipl\u00f4m\u00e9, m\u00e9diateur scientifique et chercheur en histoire de la physique, Gautier Depambour a plus d\u2019un tour dans son sac. Depuis ses \u00e9tudes \u00e0 l\u2019\u00c9cole Centrale de Paris (d\u00e9sormais appel\u00e9e CentraleSup\u00e9lec), il n\u2019a cess\u00e9 de s\u2019investir dans de nombreux projets tant dans la musique que dans les sciences. Lors &hellip;<\/p>\n<p class=\"read-more\"> <a class=\"\" href=\"https:\/\/www.lenquetedessens.dealersdescience.com\/index.php\/2020\/11\/23\/portrait-gautier-depambour\/\"> <span class=\"screen-reader-text\">Gautier : une nouvelle histoire de la physique<\/span> Lire la suite\u00a0\u00bb<\/a><\/p>\n","protected":false},"author":17,"featured_media":1729,"comment_status":"open","ping_status":"open","sticky":false,"template":"","format":"standard","meta":{"site-sidebar-layout":"default","site-content-layout":"default","ast-main-header-display":"","ast-hfb-above-header-display":"","ast-hfb-below-header-display":"","ast-hfb-mobile-header-display":"","site-post-title":"","ast-breadcrumbs-content":"","ast-featured-img":"","footer-sml-layout":"","theme-transparent-header-meta":"default","adv-header-id-meta":"","stick-header-meta":"","header-above-stick-meta":"","header-main-stick-meta":"","header-below-stick-meta":"","footnotes":""},"categories":[6],"tags":[],"class_list":["post-502","post","type-post","status-publish","format-standard","has-post-thumbnail","hentry","category-portraitrecherche"],"_links":{"self":[{"href":"https:\/\/www.lenquetedessens.dealersdescience.com\/index.php\/wp-json\/wp\/v2\/posts\/502","targetHints":{"allow":["GET"]}}],"collection":[{"href":"https:\/\/www.lenquetedessens.dealersdescience.com\/index.php\/wp-json\/wp\/v2\/posts"}],"about":[{"href":"https:\/\/www.lenquetedessens.dealersdescience.com\/index.php\/wp-json\/wp\/v2\/types\/post"}],"author":[{"embeddable":true,"href":"https:\/\/www.lenquetedessens.dealersdescience.com\/index.php\/wp-json\/wp\/v2\/users\/17"}],"replies":[{"embeddable":true,"href":"https:\/\/www.lenquetedessens.dealersdescience.com\/index.php\/wp-json\/wp\/v2\/comments?post=502"}],"version-history":[{"count":43,"href":"https:\/\/www.lenquetedessens.dealersdescience.com\/index.php\/wp-json\/wp\/v2\/posts\/502\/revisions"}],"predecessor-version":[{"id":5890,"href":"https:\/\/www.lenquetedessens.dealersdescience.com\/index.php\/wp-json\/wp\/v2\/posts\/502\/revisions\/5890"}],"wp:featuredmedia":[{"embeddable":true,"href":"https:\/\/www.lenquetedessens.dealersdescience.com\/index.php\/wp-json\/wp\/v2\/media\/1729"}],"wp:attachment":[{"href":"https:\/\/www.lenquetedessens.dealersdescience.com\/index.php\/wp-json\/wp\/v2\/media?parent=502"}],"wp:term":[{"taxonomy":"category","embeddable":true,"href":"https:\/\/www.lenquetedessens.dealersdescience.com\/index.php\/wp-json\/wp\/v2\/categories?post=502"},{"taxonomy":"post_tag","embeddable":true,"href":"https:\/\/www.lenquetedessens.dealersdescience.com\/index.php\/wp-json\/wp\/v2\/tags?post=502"}],"curies":[{"name":"wp","href":"https:\/\/api.w.org\/{rel}","templated":true}]}}