{"id":522,"date":"2020-11-23T07:04:42","date_gmt":"2020-11-23T06:04:42","guid":{"rendered":"http:\/\/www.lenquetedessens.dealersdescience.com\/?p=522"},"modified":"2021-01-18T11:54:39","modified_gmt":"2021-01-18T10:54:39","slug":"portrait-hiquet-sanchez-ana","status":"publish","type":"post","link":"https:\/\/www.lenquetedessens.dealersdescience.com\/index.php\/2020\/11\/23\/portrait-hiquet-sanchez-ana\/","title":{"rendered":"Ana : loin d\u2019\u00eatre H.S"},"content":{"rendered":"\n<div class=\"wp-block-cover alignfull has-background-dim\" style=\"background-color:#c67bb1\"><div class=\"wp-block-cover__inner-container is-layout-flow wp-block-cover-is-layout-flow\">\n<div class=\"wp-block-columns is-layout-flex wp-container-core-columns-is-layout-9d6595d7 wp-block-columns-is-layout-flex\">\n<div class=\"wp-block-column is-vertically-aligned-center is-layout-flow wp-block-column-is-layout-flow\">\n<h1 class=\"has-text-align-center has-text-color wp-block-heading\" style=\"color:#1b2c31\">Ana, loin d\u2019\u00eatre H.S<\/h1>\n\n\n\n<h3 class=\"has-text-align-center has-black-color has-text-color wp-block-heading\">\u00c9tudiante en m\u00e9diation des sciences, Ana Hiquet-Sanchez aimerait faire <br>de la pr\u00e9vention environnementale afin de sauver le monde qu\u2019elle aime tant.<\/h3>\n<\/div>\n<\/div>\n<\/div><\/div>\n\n\n\n<div style=\"height:45px\" aria-hidden=\"true\" class=\"wp-block-spacer\"><\/div>\n\n\n\n<div class=\"wp-block-columns is-layout-flex wp-container-core-columns-is-layout-9d6595d7 wp-block-columns-is-layout-flex\">\n<div class=\"wp-block-column is-vertically-aligned-center is-layout-flow wp-block-column-is-layout-flow\">\n<figure class=\"wp-block-gallery aligncenter columns-1 is-cropped wp-block-gallery-1 is-layout-flex wp-block-gallery-is-layout-flex\"><ul class=\"blocks-gallery-grid\"><li class=\"blocks-gallery-item\"><figure><img decoding=\"async\" width=\"1000\" height=\"1000\" src=\"https:\/\/www.lenquetedessens.dealersdescience.com\/wp-content\/uploads\/2020\/11\/HIQUET-SANCHEZ_Ana.png\" alt=\"\" data-id=\"2230\" data-full-url=\"https:\/\/www.lenquetedessens.dealersdescience.com\/wp-content\/uploads\/2020\/11\/HIQUET-SANCHEZ_Ana.png\" data-link=\"https:\/\/www.lenquetedessens.dealersdescience.com\/?attachment_id=2230\" class=\"wp-image-2230\" srcset=\"https:\/\/www.lenquetedessens.dealersdescience.com\/wp-content\/uploads\/2020\/11\/HIQUET-SANCHEZ_Ana.png 1000w, https:\/\/www.lenquetedessens.dealersdescience.com\/wp-content\/uploads\/2020\/11\/HIQUET-SANCHEZ_Ana-300x300.png 300w, https:\/\/www.lenquetedessens.dealersdescience.com\/wp-content\/uploads\/2020\/11\/HIQUET-SANCHEZ_Ana-150x150.png 150w, https:\/\/www.lenquetedessens.dealersdescience.com\/wp-content\/uploads\/2020\/11\/HIQUET-SANCHEZ_Ana-768x768.png 768w\" sizes=\"(max-width: 1000px) 100vw, 1000px\" \/><\/figure><\/li><\/ul><figcaption class=\"blocks-gallery-caption\">\u00a9 Ana HIQUET-SANCHEZ <br>Portrait de Ana Hiquet-Sanchez<\/figcaption><\/figure>\n<\/div>\n\n\n\n<div class=\"wp-block-column is-vertically-aligned-center is-layout-flow wp-block-column-is-layout-flow\">\n<p>N\u00e9e dans les Landes, proche de l\u2019oc\u00e9an et de la for\u00eat, Ana re\u00e7oit une \u00e9ducation multiculturelle. En fran\u00e7ais et en espagnol, on lui apprend \u00e0 respecter l\u2019environnement. En ayant une consommation de viande r\u00e9duite et raisonn\u00e9e, elle lutte contre le mal-\u00eatre animal et les cons\u00e9quences environnementales qui en d\u00e9coulent. Ana se d\u00e9place (presque) exclusivement avec son v\u00e9lo achet\u00e9 d\u2019occasion, \u00e9videmment. Pour ses plus grands voyages, elle choisit d\u2019autres solutions que l\u2019avion, par choix, mais \u00e9galement par peur. Entre l\u2019Espagne, son ann\u00e9e d\u2019Erasmus en Su\u00e8de et les allers-retours en Italie, elle d\u00e9couvre le monde et r\u00e9alise un de ses r\u00eaves&nbsp;: observer des aurores bor\u00e9ales. \u00ab&nbsp;J\u2019essayais de garder les yeux grands ouverts pour ne pas en louper une miette.&nbsp;\u00bb<\/p>\n<\/div>\n<\/div>\n\n\n\n<h3 class=\"has-text-color wp-block-heading\" style=\"color:#e09e2e\">Des projets pour le futur<\/h3>\n\n\n\n<p>Pleine d\u2019\u00e9nergie, Ana souhaite s\u2019investir dans le monde associatif. Aujourd\u2019hui, elle fait partie du p\u00f4le culture de l\u2019association&nbsp;<em>Erasmus student network Bordeaux<\/em> qui aide les \u00e9tudiant\u00b7es Erasmus \u00e0 d\u00e9couvrir leur ville d\u2019\u00e9tudes en proposant des visites de la ville, des caf\u00e9s des langues ou encore des ap\u00e9ros culturels. Elle imagine son projet professionnel dans ce monde o\u00f9 elle esp\u00e8re pouvoir faire des rencontres avec des personnes aussi impliqu\u00e9es qu\u2019elle. Avec ses bagages en biologie des organismes et \u00e9cosyst\u00e8mes, elle d\u00e9cide de s\u2019orienter vers la m\u00e9diation des sciences afin de prouver aux publics qu\u2019il est important de prot\u00e9ger le monde et d\u2019y faire attention.<\/p>\n\n\n\n<p class=\"has-text-align-right\">Lina GREFFET<\/p>\n\n\n\n<div style=\"height:45px\" aria-hidden=\"true\" class=\"wp-block-spacer\"><\/div>\n\n\n\n<hr class=\"wp-block-separator has-text-color has-background is-style-wide\" style=\"background-color:#1b2c31;color:#1b2c31\"\/>\n\n\n\n<h2 class=\"has-text-color wp-block-heading\" style=\"color:#0a4bc1\">Ana aime&#8230;<\/h2>\n\n\n\n<div class=\"wp-block-columns is-layout-flex wp-container-core-columns-is-layout-9d6595d7 wp-block-columns-is-layout-flex\">\n<div class=\"wp-block-column is-layout-flow wp-block-column-is-layout-flow\" style=\"flex-basis:33.33%\"><\/div>\n\n\n\n<div class=\"wp-block-column is-vertically-aligned-center is-layout-flow wp-block-column-is-layout-flow\" style=\"flex-basis:66.66%\">\n<h3 class=\"wp-block-heading\">Voir les \u00e9toiles.<\/h3>\n\n\n\n<h3 class=\"wp-block-heading\">Sentir l&rsquo;odeur sucr\u00e9e de p\u00e2tisseries qui cuisent au four.<\/h3>\n\n\n\n<h3 class=\"wp-block-heading\">Entendre le cr\u00e9pitement d&rsquo;un feu de bois.<\/h3>\n\n\n\n<h3 class=\"wp-block-heading\">Toucher le sable sous ses pieds.<\/h3>\n\n\n\n<h3 class=\"wp-block-heading\">Go\u00fbter du chocolat.<\/h3>\n\n\n\n<p><\/p>\n<\/div>\n<\/div>\n","protected":false},"excerpt":{"rendered":"<p>N\u00e9e dans les Landes, proche de l\u2019oc\u00e9an et de la for\u00eat, Ana re\u00e7oit une \u00e9ducation multiculturelle. En fran\u00e7ais et en espagnol, on lui apprend \u00e0 respecter l\u2019environnement. En ayant une consommation de viande r\u00e9duite et raisonn\u00e9e, elle lutte contre le mal-\u00eatre animal et les cons\u00e9quences environnementales qui en d\u00e9coulent. Ana se d\u00e9place (presque) exclusivement avec &hellip;<\/p>\n<p class=\"read-more\"> <a class=\"\" href=\"https:\/\/www.lenquetedessens.dealersdescience.com\/index.php\/2020\/11\/23\/portrait-hiquet-sanchez-ana\/\"> <span class=\"screen-reader-text\">Ana : loin d\u2019\u00eatre H.S<\/span> Lire la suite\u00a0\u00bb<\/a><\/p>\n","protected":false},"author":5,"featured_media":2230,"comment_status":"open","ping_status":"open","sticky":false,"template":"","format":"standard","meta":{"site-sidebar-layout":"default","site-content-layout":"default","ast-main-header-display":"","ast-hfb-above-header-display":"","ast-hfb-below-header-display":"","ast-hfb-mobile-header-display":"","site-post-title":"","ast-breadcrumbs-content":"","ast-featured-img":"","footer-sml-layout":"","theme-transparent-header-meta":"default","adv-header-id-meta":"","stick-header-meta":"","header-above-stick-meta":"","header-main-stick-meta":"","header-below-stick-meta":"","footnotes":""},"categories":[5],"tags":[],"class_list":["post-522","post","type-post","status-publish","format-standard","has-post-thumbnail","hentry","category-portraitdds"],"_links":{"self":[{"href":"https:\/\/www.lenquetedessens.dealersdescience.com\/index.php\/wp-json\/wp\/v2\/posts\/522","targetHints":{"allow":["GET"]}}],"collection":[{"href":"https:\/\/www.lenquetedessens.dealersdescience.com\/index.php\/wp-json\/wp\/v2\/posts"}],"about":[{"href":"https:\/\/www.lenquetedessens.dealersdescience.com\/index.php\/wp-json\/wp\/v2\/types\/post"}],"author":[{"embeddable":true,"href":"https:\/\/www.lenquetedessens.dealersdescience.com\/index.php\/wp-json\/wp\/v2\/users\/5"}],"replies":[{"embeddable":true,"href":"https:\/\/www.lenquetedessens.dealersdescience.com\/index.php\/wp-json\/wp\/v2\/comments?post=522"}],"version-history":[{"count":26,"href":"https:\/\/www.lenquetedessens.dealersdescience.com\/index.php\/wp-json\/wp\/v2\/posts\/522\/revisions"}],"predecessor-version":[{"id":5518,"href":"https:\/\/www.lenquetedessens.dealersdescience.com\/index.php\/wp-json\/wp\/v2\/posts\/522\/revisions\/5518"}],"wp:featuredmedia":[{"embeddable":true,"href":"https:\/\/www.lenquetedessens.dealersdescience.com\/index.php\/wp-json\/wp\/v2\/media\/2230"}],"wp:attachment":[{"href":"https:\/\/www.lenquetedessens.dealersdescience.com\/index.php\/wp-json\/wp\/v2\/media?parent=522"}],"wp:term":[{"taxonomy":"category","embeddable":true,"href":"https:\/\/www.lenquetedessens.dealersdescience.com\/index.php\/wp-json\/wp\/v2\/categories?post=522"},{"taxonomy":"post_tag","embeddable":true,"href":"https:\/\/www.lenquetedessens.dealersdescience.com\/index.php\/wp-json\/wp\/v2\/tags?post=522"}],"curies":[{"name":"wp","href":"https:\/\/api.w.org\/{rel}","templated":true}]}}