{"id":528,"date":"2020-11-23T07:05:11","date_gmt":"2020-11-23T06:05:11","guid":{"rendered":"http:\/\/www.lenquetedessens.dealersdescience.com\/?p=528"},"modified":"2021-01-19T10:37:20","modified_gmt":"2021-01-19T09:37:20","slug":"portrait-surzur-gwendal","status":"publish","type":"post","link":"https:\/\/www.lenquetedessens.dealersdescience.com\/index.php\/2020\/11\/23\/portrait-surzur-gwendal\/","title":{"rendered":"Gwendal : le breton"},"content":{"rendered":"\n<div class=\"wp-block-cover alignfull has-background-dim\" style=\"background-color:#c67bb1\"><div class=\"wp-block-cover__inner-container is-layout-flow wp-block-cover-is-layout-flow\">\n<div class=\"wp-block-columns is-layout-flex wp-container-core-columns-is-layout-9d6595d7 wp-block-columns-is-layout-flex\">\n<div class=\"wp-block-column is-vertically-aligned-center is-layout-flow wp-block-column-is-layout-flow\">\n<h1 class=\"has-text-align-center has-text-color wp-block-heading\" style=\"color:#1b2c31\">gwendal le breton<\/h1>\n\n\n\n<h3 class=\"has-text-align-center has-black-color has-text-color wp-block-heading\">Gwendal Surzur, \u00e9tudiant en master de M\u00e9diation des sciences \u00e0 l\u2019Universit\u00e9 Bordeaux Montaigne est breton. Fier de l\u2019\u00eatre, pas un seul jour ne passe sans qu\u2019il ne rappelle ses origines.<\/h3>\n<\/div>\n<\/div>\n<\/div><\/div>\n\n\n\n<div style=\"height:45px\" aria-hidden=\"true\" class=\"wp-block-spacer\"><\/div>\n\n\n\n<div class=\"wp-block-columns is-layout-flex wp-container-core-columns-is-layout-9d6595d7 wp-block-columns-is-layout-flex\">\n<div class=\"wp-block-column is-layout-flow wp-block-column-is-layout-flow\">\n<div class=\"wp-block-image\"><figure class=\"aligncenter size-large\"><img decoding=\"async\" width=\"1000\" height=\"1000\" src=\"https:\/\/www.lenquetedessens.dealersdescience.com\/wp-content\/uploads\/2020\/11\/SURZUR_Gwendal.png\" alt=\"\" class=\"wp-image-2244\" srcset=\"https:\/\/www.lenquetedessens.dealersdescience.com\/wp-content\/uploads\/2020\/11\/SURZUR_Gwendal.png 1000w, https:\/\/www.lenquetedessens.dealersdescience.com\/wp-content\/uploads\/2020\/11\/SURZUR_Gwendal-300x300.png 300w, https:\/\/www.lenquetedessens.dealersdescience.com\/wp-content\/uploads\/2020\/11\/SURZUR_Gwendal-150x150.png 150w, https:\/\/www.lenquetedessens.dealersdescience.com\/wp-content\/uploads\/2020\/11\/SURZUR_Gwendal-768x768.png 768w\" sizes=\"(max-width: 1000px) 100vw, 1000px\" \/><figcaption><span class=\"has-inline-color has-black-color\">\u00a9 N\u00e9ph\u00e9lie GODIN<\/span><br>Portrait de Gwendal Surzur<\/figcaption><\/figure><\/div>\n<\/div>\n\n\n\n<div class=\"wp-block-column is-vertically-aligned-center is-layout-flow wp-block-column-is-layout-flow\">\n<p>\u00ab&nbsp;Arr\u00eate cette conversation avant que cela ne finisse mal&nbsp;!&nbsp;\u00bb r\u00e9torque Gwendal \u00e0 une \u00e9tudiante du Master abordant la question du cidre. Chaque jour, fier de ses origines, il d\u00e9fend sa patrie&nbsp;: la Bretagne. Parfois violent envers ses opposant\u00b7es, personne n\u2019arrive \u00e0 d\u00e9vier le fier breton de son appartenance \u00e0 cet antique peuple gaulois.<\/p>\n<\/div>\n<\/div>\n\n\n\n<h3 class=\"has-text-color wp-block-heading\" style=\"color:#e09e2e\">Le patriotisme breton<\/h3>\n\n\n\n<p class=\"has-black-color has-text-color\">\u00ab&nbsp;Le meilleur cidre est breton, le beurre c\u2019est demi-sel, la temp\u00e9rature en Bretagne est id\u00e9ale&nbsp;\u00bb argumente Gwendal \u00e0 longueur de temps. La Bretagne, cette r\u00e9gion de France moqu\u00e9e pour son temps pluvieux et son patriotisme est vraiment un pays \u00e0 l\u2019int\u00e9rieur de l\u2019hexagone. Pourtant, ce Breton semble bien loin de chez lui en Gironde.<\/p>\n\n\n\n<p class=\"has-black-color has-text-color\">Si fier de sa r\u00e9gion, plusieurs fois je lui ai demand\u00e9 s\u2019il ne se sentait pas loin de sa m\u00e8re patrie. Seulement, patriote en puissance, Gwendal a une r\u00e9ponse&nbsp;: \u00ab&nbsp;La Gironde a longtemps appartenu au Royaume de Bretagne&nbsp;\u00bb ce qui explique sa venue ici. Jamais loin de chez lui, il conna\u00eet l\u2019histoire de la Bretagne avec une pr\u00e9cision remarquable.<\/p>\n\n\n\n<h3 class=\"has-text-color wp-block-heading\" style=\"color:#e09e2e\">En qu\u00eate des origines<\/h3>\n\n\n\n<p class=\"has-black-color has-text-color\">Avant la m\u00e9diation des sciences, Gwendal commence ses \u00e9tudes sup\u00e9rieures \u00e0 Rennes, pr\u00e9fecture de la Bretagne. Une fois sa licence de biologie des organismes obtenue, il se lance dans un master de pal\u00e9ontologie. Cette discipline l\u2019a toujours passionn\u00e9 notamment gr\u00e2ce \u00e0 <em>Jurassic Park<\/em>, c\u00e9l\u00e8bre film de Steven Spielberg. Pour l&rsquo;\u00e9tudiant tant attach\u00e9 \u00e0 ses origines, conna\u00eetre celles de la vie et d\u2019o\u00f9 l\u2019on vient rev\u00eat une importance particuli\u00e8re. Seulement, il \u00e9choue deux ann\u00e9es de suite \u00e0 la premi\u00e8re ann\u00e9e du master. Le Breton d\u00e9cide alors de se diriger vers la m\u00e9diation des sciences, \u00ab&nbsp;j\u2019avais envie de partager ce que je savais&nbsp;\u00bb. Une \u00e9vidence persiste le concernant, si les origines de la vie portent \u00e0 d\u00e9bat, celles de Gwendal sont sans \u00e9quivoque !<\/p>\n\n\n\n<p class=\"has-text-align-right\">Elie STECYNA<\/p>\n\n\n\n<div style=\"height:45px\" aria-hidden=\"true\" class=\"wp-block-spacer\"><\/div>\n\n\n\n<hr class=\"wp-block-separator has-text-color has-background is-style-wide\" style=\"background-color:#1b2c31;color:#1b2c31\"\/>\n\n\n\n<h2 class=\"has-text-color wp-block-heading\" style=\"color:#0a4bc1\">Gwendal aime &#8230;<\/h2>\n\n\n\n<div class=\"wp-block-columns is-layout-flex wp-container-core-columns-is-layout-9d6595d7 wp-block-columns-is-layout-flex\">\n<div class=\"wp-block-column is-layout-flow wp-block-column-is-layout-flow\" style=\"flex-basis:33.33%\"><\/div>\n\n\n\n<div class=\"wp-block-column is-vertically-aligned-center is-layout-flow wp-block-column-is-layout-flow\" style=\"flex-basis:66.66%\">\n<h3 class=\"has-black-color has-text-color wp-block-heading\">Voir de beaux paysages.<\/h3>\n\n\n\n<h3 class=\"has-black-color has-text-color wp-block-heading\">Sentir la menthe.<\/h3>\n\n\n\n<h3 class=\"has-black-color has-text-color wp-block-heading\">Entendre les chants des oiseaux.<\/h3>\n\n\n\n<h3 class=\"has-black-color has-text-color wp-block-heading\">Toucher des chats.<\/h3>\n\n\n\n<h3 class=\"has-black-color has-text-color wp-block-heading\">Go\u00fbter la bonne nourriture.<\/h3>\n\n\n\n<p><\/p>\n<\/div>\n<\/div>\n","protected":false},"excerpt":{"rendered":"<p>\u00ab&nbsp;Arr\u00eate cette conversation avant que cela ne finisse mal&nbsp;!&nbsp;\u00bb r\u00e9torque Gwendal \u00e0 une \u00e9tudiante du Master abordant la question du cidre. Chaque jour, fier de ses origines, il d\u00e9fend sa patrie&nbsp;: la Bretagne. Parfois violent envers ses opposant\u00b7es, personne n\u2019arrive \u00e0 d\u00e9vier le fier breton de son appartenance \u00e0 cet antique peuple gaulois. Le patriotisme &hellip;<\/p>\n<p class=\"read-more\"> <a class=\"\" href=\"https:\/\/www.lenquetedessens.dealersdescience.com\/index.php\/2020\/11\/23\/portrait-surzur-gwendal\/\"> <span class=\"screen-reader-text\">Gwendal : le breton<\/span> Lire la suite\u00a0\u00bb<\/a><\/p>\n","protected":false},"author":3,"featured_media":2244,"comment_status":"open","ping_status":"open","sticky":false,"template":"","format":"standard","meta":{"site-sidebar-layout":"default","site-content-layout":"default","ast-main-header-display":"","ast-hfb-above-header-display":"","ast-hfb-below-header-display":"","ast-hfb-mobile-header-display":"","site-post-title":"","ast-breadcrumbs-content":"","ast-featured-img":"","footer-sml-layout":"","theme-transparent-header-meta":"default","adv-header-id-meta":"","stick-header-meta":"","header-above-stick-meta":"","header-main-stick-meta":"","header-below-stick-meta":"","footnotes":""},"categories":[5],"tags":[],"class_list":["post-528","post","type-post","status-publish","format-standard","has-post-thumbnail","hentry","category-portraitdds"],"_links":{"self":[{"href":"https:\/\/www.lenquetedessens.dealersdescience.com\/index.php\/wp-json\/wp\/v2\/posts\/528","targetHints":{"allow":["GET"]}}],"collection":[{"href":"https:\/\/www.lenquetedessens.dealersdescience.com\/index.php\/wp-json\/wp\/v2\/posts"}],"about":[{"href":"https:\/\/www.lenquetedessens.dealersdescience.com\/index.php\/wp-json\/wp\/v2\/types\/post"}],"author":[{"embeddable":true,"href":"https:\/\/www.lenquetedessens.dealersdescience.com\/index.php\/wp-json\/wp\/v2\/users\/3"}],"replies":[{"embeddable":true,"href":"https:\/\/www.lenquetedessens.dealersdescience.com\/index.php\/wp-json\/wp\/v2\/comments?post=528"}],"version-history":[{"count":23,"href":"https:\/\/www.lenquetedessens.dealersdescience.com\/index.php\/wp-json\/wp\/v2\/posts\/528\/revisions"}],"predecessor-version":[{"id":5777,"href":"https:\/\/www.lenquetedessens.dealersdescience.com\/index.php\/wp-json\/wp\/v2\/posts\/528\/revisions\/5777"}],"wp:featuredmedia":[{"embeddable":true,"href":"https:\/\/www.lenquetedessens.dealersdescience.com\/index.php\/wp-json\/wp\/v2\/media\/2244"}],"wp:attachment":[{"href":"https:\/\/www.lenquetedessens.dealersdescience.com\/index.php\/wp-json\/wp\/v2\/media?parent=528"}],"wp:term":[{"taxonomy":"category","embeddable":true,"href":"https:\/\/www.lenquetedessens.dealersdescience.com\/index.php\/wp-json\/wp\/v2\/categories?post=528"},{"taxonomy":"post_tag","embeddable":true,"href":"https:\/\/www.lenquetedessens.dealersdescience.com\/index.php\/wp-json\/wp\/v2\/tags?post=528"}],"curies":[{"name":"wp","href":"https:\/\/api.w.org\/{rel}","templated":true}]}}