{"id":538,"date":"2020-11-23T07:06:07","date_gmt":"2020-11-23T06:06:07","guid":{"rendered":"http:\/\/www.lenquetedessens.dealersdescience.com\/?p=538"},"modified":"2021-01-18T11:51:20","modified_gmt":"2021-01-18T10:51:20","slug":"portrait-krajcman-noelle","status":"publish","type":"post","link":"https:\/\/www.lenquetedessens.dealersdescience.com\/index.php\/2020\/11\/23\/portrait-krajcman-noelle\/","title":{"rendered":"No\u00eblle : math\u00e9maticienne mordue d\u2019art"},"content":{"rendered":"\n<div class=\"wp-block-cover alignfull has-background-dim\" style=\"background-color:#41af7d\"><div class=\"wp-block-cover__inner-container is-layout-flow wp-block-cover-is-layout-flow\">\n<div class=\"wp-block-columns is-layout-flex wp-container-core-columns-is-layout-9d6595d7 wp-block-columns-is-layout-flex\">\n<div class=\"wp-block-column is-vertically-aligned-center is-layout-flow wp-block-column-is-layout-flow\">\n<h1 class=\"has-text-align-center has-text-color wp-block-heading\" style=\"color:#1b2c31\">No\u00eblle, math\u00e9maticienne mordue d\u2019art<\/h1>\n\n\n\n<h3 class=\"has-text-align-center has-black-color has-text-color wp-block-heading\">Jeune math\u00e9maticienne parisienne, No\u00eblle Krajcman rejoint Bordeaux pour int\u00e9grer le master M\u00e9diation des sciences \u00e0 l\u2019Universit\u00e9 Bordeaux Montaigne.<\/h3>\n<\/div>\n<\/div>\n<\/div><\/div>\n\n\n\n<div style=\"height:45px\" aria-hidden=\"true\" class=\"wp-block-spacer\"><\/div>\n\n\n\n<div class=\"wp-block-columns is-layout-flex wp-container-core-columns-is-layout-9d6595d7 wp-block-columns-is-layout-flex\">\n<div class=\"wp-block-column is-vertically-aligned-top is-layout-flow wp-block-column-is-layout-flow\">\n<div class=\"wp-block-image\"><figure class=\"aligncenter size-large\"><img decoding=\"async\" width=\"1000\" height=\"1000\" src=\"http:\/\/www.lenquetedessens.dealersdescience.com\/wp-content\/uploads\/2021\/01\/KRAJMAN_Noelle.png\" alt=\"Portrait de No\u00eblle avec un arbre en fleur en arri\u00e8re plan.\" class=\"wp-image-1989\" srcset=\"https:\/\/www.lenquetedessens.dealersdescience.com\/wp-content\/uploads\/2021\/01\/KRAJMAN_Noelle.png 1000w, https:\/\/www.lenquetedessens.dealersdescience.com\/wp-content\/uploads\/2021\/01\/KRAJMAN_Noelle-300x300.png 300w, https:\/\/www.lenquetedessens.dealersdescience.com\/wp-content\/uploads\/2021\/01\/KRAJMAN_Noelle-150x150.png 150w, https:\/\/www.lenquetedessens.dealersdescience.com\/wp-content\/uploads\/2021\/01\/KRAJMAN_Noelle-768x768.png 768w\" sizes=\"(max-width: 1000px) 100vw, 1000px\" \/><figcaption>\u00a9 No\u00eblle KRAJCMAN<br>Portrait de No\u00eblle Krajcman<\/figcaption><\/figure><\/div>\n<\/div>\n\n\n\n<div class=\"wp-block-column is-vertically-aligned-center is-layout-flow wp-block-column-is-layout-flow\">\n<p>No\u00eblle d\u00e9couvre la m\u00e9diation des sciences en licence de math\u00e9matiques \u00e0 la Sorbonne. En rentrant d\u2019un semestre pass\u00e9 \u00e0 Rome, elle d\u00e9cide de ne pas se focaliser uniquement sur les sciences. Les cours d\u2019histoire des sciences de licence la motivent \u00e0 int\u00e9grer un master d\u2019histoire et de philosophie des math\u00e9matiques. En dehors de l\u2019universit\u00e9, No\u00eblle n\u2019oublie pas la m\u00e9diation et s\u2019investit aupr\u00e8s des Petits D\u00e9brouillards, association de culture scientifique et d&rsquo;\u00e9ducation populaire. Une fois son master en poche, la th\u00e8se et la recherche ne la s\u00e9duisent pas. Elle se dirige donc vers la m\u00e9diation des sciences, conquise par ce domaine pluridisciplinaire, vaste et changeant&nbsp;:&nbsp;\u00ab&nbsp;On est libre de choisir l\u2019outil que l\u2019on souhaite pour faire passer un message.&nbsp;\u00bb<\/p>\n<\/div>\n<\/div>\n\n\n\n<h3 class=\"has-text-color wp-block-heading\" style=\"color:#e09e2e\">De l\u2019\u00e9cole du Louvre au BAFA<\/h3>\n\n\n\n<p>\u00c0 Paris ou \u00e0 Rome, No\u00eblle passe beaucoup de temps dans les mus\u00e9es d\u2019art. Elle admire et analyse les \u0153uvres. Pour nourrir son go\u00fbt de la culture, elle suit des cours du soir en histoire de l\u2019art \u00e0 l\u2019\u00e9cole du Louvre et en Italie. No\u00eblle esp\u00e8re pouvoir m\u00ealer histoire de l\u2019art et des math\u00e9matiques, une combinaison peu commune qui la passionne et qui \u00ab&nbsp;m\u00e9rite d\u2019avoir sa place tant dans la recherche que dans la m\u00e9diation&nbsp;\u00bb. Elle pr\u00e9cise&nbsp;: \u00ab&nbsp;L\u2019histoire des math\u00e9matiques a \u00e9t\u00e9 peu \u00e9tudi\u00e9e avec un regard d\u2019histoire de l\u2019art, c\u2019est pour \u00e7a que je voudrais les mettre en relation.&nbsp;\u00bb Ses m\u00e9moires de master sont l\u2019occasion de lier ces th\u00e9matiques, par exemple \u00e0 travers l\u2019\u00e9tude du tableau <em>Luca Pacioli et son disciple <\/em>de Jacopo da Barbari. Cette \u0153uvre repr\u00e9sente le math\u00e9maticien Pacioli, qui a jou\u00e9 un r\u00f4le important \u00e0 la fois dans l\u2019histoire des math\u00e9matiques et dans celle de l\u2019art. No\u00eblle l\u2019analyse en mobilisant les codes des deux disciplines. <\/p>\n\n\n\n<p>Titulaire du BAFA, elle s\u2019engage aupr\u00e8s du jeune public r\u00e9guli\u00e8rement et projette d\u2019ailleurs de devenir un jour institutrice. Apprendre, rechercher et transmettre, c\u2019est ce qui anime le quotidien de No\u00eblle.<\/p>\n\n\n\n<p>\u00ab&nbsp;Si j\u2019\u00e9tais un sens je serais la connaissance car j\u2019aime apprendre et transmettre.&nbsp;\u00bb<\/p>\n\n\n\n<p class=\"has-text-align-right\">Ana HIQUET-SANCHEZ<\/p>\n\n\n\n<div style=\"height:45px\" aria-hidden=\"true\" class=\"wp-block-spacer\"><\/div>\n\n\n\n<hr class=\"wp-block-separator has-text-color has-background is-style-wide\" style=\"background-color:#1b2c31;color:#1b2c31\"\/>\n\n\n\n<h2 class=\"has-text-color wp-block-heading\" style=\"color:#0a4bc1\">No\u00eblle aime&#8230;<\/h2>\n\n\n\n<div class=\"wp-block-columns is-layout-flex wp-container-core-columns-is-layout-9d6595d7 wp-block-columns-is-layout-flex\">\n<div class=\"wp-block-column is-layout-flow wp-block-column-is-layout-flow\" style=\"flex-basis:33.33%\"><\/div>\n\n\n\n<div class=\"wp-block-column is-vertically-aligned-center is-layout-flow wp-block-column-is-layout-flow\" style=\"flex-basis:66.66%\">\n<h3 class=\"wp-block-heading\">Voir les \u0153uvres d\u2019art.<\/h3>\n\n\n\n<h3 class=\"wp-block-heading\">Sentir le th\u00e9.<\/h3>\n\n\n\n<h3 class=\"wp-block-heading\">Entendre la mer.<\/h3>\n\n\n\n<h3 class=\"wp-block-heading\">Toucher le velours.<\/h3>\n\n\n\n<h3 class=\"wp-block-heading\">Go\u00fbter la cuisine du monde entier.<\/h3>\n\n\n\n<p><\/p>\n<\/div>\n<\/div>\n","protected":false},"excerpt":{"rendered":"<p>No\u00eblle d\u00e9couvre la m\u00e9diation des sciences en licence de math\u00e9matiques \u00e0 la Sorbonne. En rentrant d\u2019un semestre pass\u00e9 \u00e0 Rome, elle d\u00e9cide de ne pas se focaliser uniquement sur les sciences. Les cours d\u2019histoire des sciences de licence la motivent \u00e0 int\u00e9grer un master d\u2019histoire et de philosophie des math\u00e9matiques. En dehors de l\u2019universit\u00e9, No\u00eblle &hellip;<\/p>\n<p class=\"read-more\"> <a class=\"\" href=\"https:\/\/www.lenquetedessens.dealersdescience.com\/index.php\/2020\/11\/23\/portrait-krajcman-noelle\/\"> <span class=\"screen-reader-text\">No\u00eblle : math\u00e9maticienne mordue d\u2019art<\/span> Lire la suite\u00a0\u00bb<\/a><\/p>\n","protected":false},"author":16,"featured_media":1989,"comment_status":"open","ping_status":"open","sticky":false,"template":"","format":"standard","meta":{"site-sidebar-layout":"default","site-content-layout":"default","ast-main-header-display":"","ast-hfb-above-header-display":"","ast-hfb-below-header-display":"","ast-hfb-mobile-header-display":"","site-post-title":"","ast-breadcrumbs-content":"","ast-featured-img":"","footer-sml-layout":"","theme-transparent-header-meta":"default","adv-header-id-meta":"","stick-header-meta":"","header-above-stick-meta":"","header-main-stick-meta":"","header-below-stick-meta":"","footnotes":""},"categories":[5],"tags":[],"class_list":["post-538","post","type-post","status-publish","format-standard","has-post-thumbnail","hentry","category-portraitdds"],"_links":{"self":[{"href":"https:\/\/www.lenquetedessens.dealersdescience.com\/index.php\/wp-json\/wp\/v2\/posts\/538","targetHints":{"allow":["GET"]}}],"collection":[{"href":"https:\/\/www.lenquetedessens.dealersdescience.com\/index.php\/wp-json\/wp\/v2\/posts"}],"about":[{"href":"https:\/\/www.lenquetedessens.dealersdescience.com\/index.php\/wp-json\/wp\/v2\/types\/post"}],"author":[{"embeddable":true,"href":"https:\/\/www.lenquetedessens.dealersdescience.com\/index.php\/wp-json\/wp\/v2\/users\/16"}],"replies":[{"embeddable":true,"href":"https:\/\/www.lenquetedessens.dealersdescience.com\/index.php\/wp-json\/wp\/v2\/comments?post=538"}],"version-history":[{"count":35,"href":"https:\/\/www.lenquetedessens.dealersdescience.com\/index.php\/wp-json\/wp\/v2\/posts\/538\/revisions"}],"predecessor-version":[{"id":5499,"href":"https:\/\/www.lenquetedessens.dealersdescience.com\/index.php\/wp-json\/wp\/v2\/posts\/538\/revisions\/5499"}],"wp:featuredmedia":[{"embeddable":true,"href":"https:\/\/www.lenquetedessens.dealersdescience.com\/index.php\/wp-json\/wp\/v2\/media\/1989"}],"wp:attachment":[{"href":"https:\/\/www.lenquetedessens.dealersdescience.com\/index.php\/wp-json\/wp\/v2\/media?parent=538"}],"wp:term":[{"taxonomy":"category","embeddable":true,"href":"https:\/\/www.lenquetedessens.dealersdescience.com\/index.php\/wp-json\/wp\/v2\/categories?post=538"},{"taxonomy":"post_tag","embeddable":true,"href":"https:\/\/www.lenquetedessens.dealersdescience.com\/index.php\/wp-json\/wp\/v2\/tags?post=538"}],"curies":[{"name":"wp","href":"https:\/\/api.w.org\/{rel}","templated":true}]}}