{"id":540,"date":"2020-11-23T07:06:16","date_gmt":"2020-11-23T06:06:16","guid":{"rendered":"http:\/\/www.lenquetedessens.dealersdescience.com\/?p=540"},"modified":"2021-01-18T11:51:01","modified_gmt":"2021-01-18T10:51:01","slug":"portrait-casanova-clemence","status":"publish","type":"post","link":"https:\/\/www.lenquetedessens.dealersdescience.com\/index.php\/2020\/11\/23\/portrait-casanova-clemence\/","title":{"rendered":"Cl\u00e9mence : l&rsquo;\u00e9cho des autres"},"content":{"rendered":"\n<div class=\"wp-block-cover alignfull has-background-dim\" style=\"background-color:#c67bb1\"><div class=\"wp-block-cover__inner-container is-layout-flow wp-block-cover-is-layout-flow\">\n<div class=\"wp-block-columns is-layout-flex wp-container-core-columns-is-layout-9d6595d7 wp-block-columns-is-layout-flex\">\n<div class=\"wp-block-column is-vertically-aligned-center is-layout-flow wp-block-column-is-layout-flow\">\n<h1 class=\"has-text-align-center has-text-color wp-block-heading\" style=\"color:#1b2c31\">l&rsquo;\u00e9cho des autres<\/h1>\n\n\n\n<h3 class=\"has-text-align-center has-black-color has-text-color wp-block-heading\">Forte d\u2019un bagage en multim\u00e9dia et communication, Cl\u00e9mence Casanova esp\u00e8re utiliser la m\u00e9diation pour d\u00e9fendre ses convictions.<\/h3>\n<\/div>\n<\/div>\n<\/div><\/div>\n\n\n\n<div style=\"height:45px\" aria-hidden=\"true\" class=\"wp-block-spacer\"><\/div>\n\n\n\n<div class=\"wp-block-group alignwide\"><div class=\"wp-block-group__inner-container is-layout-flow wp-block-group-is-layout-flow\">\n<div class=\"wp-block-columns is-layout-flex wp-container-core-columns-is-layout-9d6595d7 wp-block-columns-is-layout-flex\">\n<div class=\"wp-block-column is-layout-flow wp-block-column-is-layout-flow\" style=\"flex-basis:100%\">\n<div class=\"wp-block-columns alignwide are-vertically-aligned-center is-layout-flex wp-container-core-columns-is-layout-9d6595d7 wp-block-columns-is-layout-flex\">\n<div class=\"wp-block-column is-vertically-aligned-center is-layout-flow wp-block-column-is-layout-flow\">\n<div class=\"wp-block-image\"><figure class=\"aligncenter size-large is-resized\"><img decoding=\"async\" src=\"http:\/\/www.lenquetedessens.dealersdescience.com\/wp-content\/uploads\/2021\/01\/CASANOVA_Clemence.png\" alt=\"\" class=\"wp-image-2007\" width=\"419\" height=\"419\" srcset=\"https:\/\/www.lenquetedessens.dealersdescience.com\/wp-content\/uploads\/2021\/01\/CASANOVA_Clemence.png 1000w, https:\/\/www.lenquetedessens.dealersdescience.com\/wp-content\/uploads\/2021\/01\/CASANOVA_Clemence-300x300.png 300w, https:\/\/www.lenquetedessens.dealersdescience.com\/wp-content\/uploads\/2021\/01\/CASANOVA_Clemence-150x150.png 150w, https:\/\/www.lenquetedessens.dealersdescience.com\/wp-content\/uploads\/2021\/01\/CASANOVA_Clemence-768x768.png 768w\" sizes=\"(max-width: 419px) 100vw, 419px\" \/><figcaption>\u00a9 Cl\u00e9mence CASANOVA<br>Portrait de Cl\u00e9mence Casanova<\/figcaption><\/figure><\/div>\n<\/div>\n\n\n\n<div class=\"wp-block-column is-vertically-aligned-center is-layout-flow wp-block-column-is-layout-flow\">\n<p>Quand on lui demande ce que signifie le mot sens, Cl\u00e9mence r\u00e9pond que c\u2019est le sens des choses, l\u2019explication. Et Cl\u00e9mence donne du sens \u00e0 ce qu\u2019elle fait. Elle n\u2019a aucun mal \u00e0 lier ses convictions personnelles \u00e0 son futur m\u00e9tier, en d\u00e9fendant des valeurs qui lui sont ch\u00e8res&nbsp;comme le f\u00e9minisme et l\u2019\u00e9cologie. Humaine et sociale comme les sciences qu\u2019elle affectionne, elle souhaite d\u00e9fendre une m\u00e9diation culturelle des sciences, accessible au plus grand nombre et loin des clich\u00e9s. Elle aimerait \u00ab&nbsp;qu\u2019on ne pense pas qu\u2019\u00e0 Edison ou \u00e0 Einstein quand on pense sciences, mais aussi \u00e0 Karl Marx ou \u00e0 Simone Veil&nbsp;\u00bb.<\/p>\n<\/div>\n<\/div>\n<\/div>\n<\/div>\n<\/div><\/div>\n\n\n\n<h3 class=\"has-text-color wp-block-heading\" style=\"color:#e09e2e\">Canadienne dans l\u2019\u00e2me<\/h3>\n\n\n\n<p>Elle regrette que la m\u00e9diation soit un moyen trop peu utilis\u00e9 pour apprendre. Elle souhaite offrir aux jeunes les outils qu\u2019elle aurait aim\u00e9 avoir dans ses ann\u00e9es lyc\u00e9es, \u00ab&nbsp;de nouvelles cl\u00e9s de compr\u00e9hension&nbsp;\u00bb pour aborder les programmes diff\u00e9remment. Sa vision de l\u2019apprentissage, elle la doit \u00e0 son ann\u00e9e pass\u00e9e \u00e0 Montr\u00e9al, en Mineure Arts et Sciences, qui lui a permis d\u2019explorer une autre fa\u00e7on d\u2019enseigner, tourn\u00e9e davantage vers l\u2019art et le jeu.<\/p>\n\n\n\n<p>Cl\u00e9mence a un DUT M\u00e9tiers du Multim\u00e9dia et de l\u2019Internet en poche, gr\u00e2ce auquel elle s\u2019est form\u00e9e \u00e0 la programmation, au graphisme, \u00e0 l\u2019audiovisuel et \u00e0 la communication. Volontaire, elle s\u2019est aussi familiaris\u00e9e avec le journalisme, en s\u2019engageant dans le journal de son lyc\u00e9e, et plus tard, pour la presse d\u2019initiative jeune, au sein de l\u2019association Jet d\u2019Encre. Aujourd\u2019hui, elle continue d\u2019enrichir ses comp\u00e9tences en occupant, en parall\u00e8le de ses \u00e9tudes, un poste de gestion de r\u00e9seaux sociaux pour le portail Pop\u2019Sciences de l\u2019Universit\u00e9 de Lyon.<\/p>\n\n\n\n<h3 class=\"has-text-color wp-block-heading\" style=\"color:#e09e2e\">Fille des montagnes<\/h3>\n\n\n\n<p>Ayant grandi dans l\u2019Ouest lyonnais et \u00e9tudi\u00e9 \u00e0 Grenoble, Cl\u00e9mence porte la montagne dans son c\u0153ur. Elle aime l\u2019air frais des grands espaces et la randonn\u00e9e. Elle aspire \u00e0 travailler au sein de parcs naturels pour en promouvoir la biodiversit\u00e9. Si elle r\u00eave d\u2019arpenter le monde, d\u2019emplir ses souvenirs de paysages et de rencontres, elle n\u2019en renie pas le lien qui l\u2019attache \u00e0 sa terre et \u00e0 ses proches. C\u2019est avec toute la bienveillance qu\u2019elle cultive chaque jour, qu\u2019elle entend promouvoir une m\u00e9diation \u00e0 l\u2019\u00e9coute de l\u2019autre.<\/p>\n\n\n\n<p class=\"has-text-align-right\">Kimberly BONNEL<\/p>\n\n\n\n<div style=\"height:45px\" aria-hidden=\"true\" class=\"wp-block-spacer\"><\/div>\n\n\n\n<hr class=\"wp-block-separator has-text-color has-background is-style-wide\" style=\"background-color:#1b2c31;color:#1b2c31\"\/>\n\n\n\n<h2 class=\"has-text-color wp-block-heading\" style=\"color:#0a4bc1\">Cl\u00e9mence aime&#8230;<\/h2>\n\n\n\n<div class=\"wp-block-columns is-layout-flex wp-container-core-columns-is-layout-9d6595d7 wp-block-columns-is-layout-flex\">\n<div class=\"wp-block-column is-layout-flow wp-block-column-is-layout-flow\" style=\"flex-basis:33.33%\"><\/div>\n\n\n\n<div class=\"wp-block-column is-vertically-aligned-center is-layout-flow wp-block-column-is-layout-flow\" style=\"flex-basis:66.66%\">\n<h3 class=\"wp-block-heading\">Voir l\u2019autre c\u00f4t\u00e9 de la montagne, apr\u00e8s avoir grimp\u00e9 un col en randonn\u00e9e.<\/h3>\n\n\n\n<h3 class=\"wp-block-heading\">Sentir le parfum des fleurs, surtout les pivoines.<\/h3>\n\n\n\n<h3 class=\"wp-block-heading\">Entendre les histoires que les autres ont \u00e0 raconter.<\/h3>\n\n\n\n<h3 class=\"wp-block-heading\">Toucher les draps propres quand elle se couche.<\/h3>\n\n\n\n<h3 class=\"wp-block-heading\">Go\u00fbter les saveurs \u00ab\u00a0sweet and sour\u00a0\u00bb.<\/h3>\n\n\n\n<hr class=\"wp-block-separator has-text-color has-background has-white-background-color has-white-color\"\/>\n<\/div>\n<\/div>\n","protected":false},"excerpt":{"rendered":"<p>Quand on lui demande ce que signifie le mot sens, Cl\u00e9mence r\u00e9pond que c\u2019est le sens des choses, l\u2019explication. Et Cl\u00e9mence donne du sens \u00e0 ce qu\u2019elle fait. Elle n\u2019a aucun mal \u00e0 lier ses convictions personnelles \u00e0 son futur m\u00e9tier, en d\u00e9fendant des valeurs qui lui sont ch\u00e8res&nbsp;comme le f\u00e9minisme et l\u2019\u00e9cologie. Humaine et &hellip;<\/p>\n<p class=\"read-more\"> <a class=\"\" href=\"https:\/\/www.lenquetedessens.dealersdescience.com\/index.php\/2020\/11\/23\/portrait-casanova-clemence\/\"> <span class=\"screen-reader-text\">Cl\u00e9mence : l&rsquo;\u00e9cho des autres<\/span> Lire la suite\u00a0\u00bb<\/a><\/p>\n","protected":false},"author":12,"featured_media":2007,"comment_status":"open","ping_status":"open","sticky":false,"template":"","format":"standard","meta":{"site-sidebar-layout":"default","site-content-layout":"default","ast-main-header-display":"","ast-hfb-above-header-display":"","ast-hfb-below-header-display":"","ast-hfb-mobile-header-display":"","site-post-title":"","ast-breadcrumbs-content":"","ast-featured-img":"","footer-sml-layout":"","theme-transparent-header-meta":"default","adv-header-id-meta":"","stick-header-meta":"","header-above-stick-meta":"","header-main-stick-meta":"","header-below-stick-meta":"","footnotes":""},"categories":[5],"tags":[],"class_list":["post-540","post","type-post","status-publish","format-standard","has-post-thumbnail","hentry","category-portraitdds"],"_links":{"self":[{"href":"https:\/\/www.lenquetedessens.dealersdescience.com\/index.php\/wp-json\/wp\/v2\/posts\/540","targetHints":{"allow":["GET"]}}],"collection":[{"href":"https:\/\/www.lenquetedessens.dealersdescience.com\/index.php\/wp-json\/wp\/v2\/posts"}],"about":[{"href":"https:\/\/www.lenquetedessens.dealersdescience.com\/index.php\/wp-json\/wp\/v2\/types\/post"}],"author":[{"embeddable":true,"href":"https:\/\/www.lenquetedessens.dealersdescience.com\/index.php\/wp-json\/wp\/v2\/users\/12"}],"replies":[{"embeddable":true,"href":"https:\/\/www.lenquetedessens.dealersdescience.com\/index.php\/wp-json\/wp\/v2\/comments?post=540"}],"version-history":[{"count":30,"href":"https:\/\/www.lenquetedessens.dealersdescience.com\/index.php\/wp-json\/wp\/v2\/posts\/540\/revisions"}],"predecessor-version":[{"id":5498,"href":"https:\/\/www.lenquetedessens.dealersdescience.com\/index.php\/wp-json\/wp\/v2\/posts\/540\/revisions\/5498"}],"wp:featuredmedia":[{"embeddable":true,"href":"https:\/\/www.lenquetedessens.dealersdescience.com\/index.php\/wp-json\/wp\/v2\/media\/2007"}],"wp:attachment":[{"href":"https:\/\/www.lenquetedessens.dealersdescience.com\/index.php\/wp-json\/wp\/v2\/media?parent=540"}],"wp:term":[{"taxonomy":"category","embeddable":true,"href":"https:\/\/www.lenquetedessens.dealersdescience.com\/index.php\/wp-json\/wp\/v2\/categories?post=540"},{"taxonomy":"post_tag","embeddable":true,"href":"https:\/\/www.lenquetedessens.dealersdescience.com\/index.php\/wp-json\/wp\/v2\/tags?post=540"}],"curies":[{"name":"wp","href":"https:\/\/api.w.org\/{rel}","templated":true}]}}