{"id":5809,"date":"2021-01-19T13:22:10","date_gmt":"2021-01-19T12:22:10","guid":{"rendered":"https:\/\/www.lenquetedessens.dealersdescience.com\/?p=5809"},"modified":"2021-01-20T15:07:30","modified_gmt":"2021-01-20T14:07:30","slug":"podcast-regionalisme-du-langage-comment-varie-une-langue-selon-les-regions","status":"publish","type":"post","link":"https:\/\/www.lenquetedessens.dealersdescience.com\/index.php\/2021\/01\/19\/podcast-regionalisme-du-langage-comment-varie-une-langue-selon-les-regions\/","title":{"rendered":"Podcast : R\u00e9gionalisme du langage, comment varie une langue selon les r\u00e9gions ?"},"content":{"rendered":"\n<div class=\"wp-block-cover alignfull\" style=\"background-image:url(https:\/\/www.lenquetedessens.dealersdescience.com\/wp-content\/uploads\/2021\/01\/banniere-carte-scaled.jpg)\"><div class=\"wp-block-cover__inner-container is-layout-flow wp-block-cover-is-layout-flow\">\n<h1 class=\"has-text-align-center wp-block-heading\"><\/h1>\n\n\n\n<h3 class=\"has-text-align-center wp-block-heading\"><\/h3>\n<\/div><\/div>\n\n\n\n<div style=\"height:45px\" aria-hidden=\"true\" class=\"wp-block-spacer\"><\/div>\n\n\n\n<h1 class=\"has-text-align-center has-text-color wp-block-heading\" style=\"color:#1b2c31\">Dis-leur&nbsp;!<\/h1>\n\n\n\n<h2 class=\"has-text-align-center has-text-color wp-block-heading\" style=\"color:#0a4bc1\">Podcasts<\/h2>\n\n\n\n<h3 class=\"has-text-align-center has-text-color wp-block-heading\" style=\"color:#e09e2e\">R\u00e9gionalisme du langage, comment varie une langue selon les r\u00e9gions&nbsp;?<\/h3>\n\n\n\n<div style=\"height:45px\" aria-hidden=\"true\" class=\"wp-block-spacer\"><\/div>\n\n\n\n<div class=\"wp-block-columns is-layout-flex wp-container-core-columns-is-layout-9d6595d7 wp-block-columns-is-layout-flex\">\n<div class=\"wp-block-column is-vertically-aligned-center is-layout-flow wp-block-column-is-layout-flow\" style=\"flex-basis:50%\">\n<div class=\"wp-block-image\"><figure class=\"alignleft size-large is-resized\"><img decoding=\"async\" src=\"https:\/\/www.lenquetedessens.dealersdescience.com\/wp-content\/uploads\/2021\/01\/Regionnalisme-1024x1024.jpg\" alt=\"Image de la France, int\u00e9gralement color\u00e9e en bleu avec plusieurs bouches repr\u00e9sentant les diff\u00e9rentes langues r\u00e9gionales employ\u00e9es en France.\" class=\"wp-image-5877\" width=\"512\" height=\"512\" srcset=\"https:\/\/www.lenquetedessens.dealersdescience.com\/wp-content\/uploads\/2021\/01\/Regionnalisme-1024x1024.jpg 1024w, https:\/\/www.lenquetedessens.dealersdescience.com\/wp-content\/uploads\/2021\/01\/Regionnalisme-300x300.jpg 300w, https:\/\/www.lenquetedessens.dealersdescience.com\/wp-content\/uploads\/2021\/01\/Regionnalisme-150x150.jpg 150w, https:\/\/www.lenquetedessens.dealersdescience.com\/wp-content\/uploads\/2021\/01\/Regionnalisme-768x768.jpg 768w, https:\/\/www.lenquetedessens.dealersdescience.com\/wp-content\/uploads\/2021\/01\/Regionnalisme.jpg 1280w\" sizes=\"(max-width: 512px) 100vw, 512px\" \/><figcaption>\u00a9 Gregroose sur Pixabay<br>Visuel : R\u00e9gionalisme du langage, comment varie une langue selon les r\u00e9gions ?<\/figcaption><\/figure><\/div>\n<\/div>\n\n\n\n<div class=\"wp-block-column is-vertically-aligned-top is-layout-flow wp-block-column-is-layout-flow\" style=\"flex-basis:50%\">\n<p>Parlons-nous tous et toutes la m\u00eame langue en France&nbsp;? Je veux dire&nbsp;: parlons-nous tous et toutes le m\u00eame fran\u00e7ais&nbsp;? Pour r\u00e9pondre \u00e0 cette question il faudrait d\u00e9finir ce qu&rsquo;est le fran\u00e7ais mais ce n&rsquo;est pas si \u00e9vident que cela. La langue \u00e9volue dans le temps et l&rsquo;espace. Le fran\u00e7ais n&rsquo;est plus le m\u00eame qu&rsquo;il y a un si\u00e8cle ou deux, et nous allons voir qu&rsquo;il n&rsquo;est pas le m\u00eame partout.<\/p>\n\n\n\n<p>[Musique jingle]<\/p>\n\n\n\n<p>Le fran\u00e7ais n&rsquo;est pas le m\u00eame partout, et pour tous ceux et toutes celles qui ont entendu quelqu\u2019un parler en fran\u00e7ais qu\u00e9b\u00e9cois, cette affirmation n&rsquo;a rien d&rsquo;extraordinaire. Mais m\u00eame plus pr\u00e8s de nous, dans les pays voisins comme la Belgique et la Suisse, le fran\u00e7ais n&rsquo;est pas tout \u00e0 fait le m\u00eame. Chez elleux on ne dit pas soixante-dix, quatre-vingt ou quatre-vingt-dix mais septante, octante ou huitante et nonante.<\/p>\n<\/div>\n<\/div>\n\n\n\n<p>Au sein de notre pays on se dit que l&rsquo;on parle tous et toutes la m\u00eame langue. Eh bien c&rsquo;est plus compliqu\u00e9 que cela. Aujourd&rsquo;hui nous parlons \u00e0 peu pr\u00e8s tous et toutes le m\u00eame fran\u00e7ais, mais nous savons qu&rsquo;il existe diff\u00e9rents mots ou expressions pour d\u00e9signer une seule et m\u00eame chose en fonction des r\u00e9gions. La fameuse guerre entre \u00ab\u00a0pain au chocolat\u00a0\u00bb et \u00ab\u00a0chocolatine\u00a0\u00bb en est un exemple, mais on trouve \u00e9galement \u00ab\u00a0couque au chocolat\u00a0\u00bb dans l&rsquo;est. Autre d\u00e9bat, les termes \u00ab\u00a0crayon de bois\u00a0\u00bb, \u00ab\u00a0crayon \u00e0 papier\u00a0\u00bb ou \u00ab\u00a0crayon gris\u00a0\u00bb\u00a0? Chaque r\u00e9gion poss\u00e8de ses propres expressions et particularit\u00e9s linguistiques.<\/p>\n\n\n\n<h3 class=\"has-text-color wp-block-heading\" style=\"color:#e09e2e\">Des fronti\u00e8res linguistiques<\/h3>\n\n\n\n<p>Comme les nombreux accents que l&rsquo;on trouve en France. Ainsi ici \u00e0 Bordeaux on prononcera \u00ab&nbsp;la cote&nbsp;\u00bb au lieu de \u00ab&nbsp;la c\u00f4te&nbsp;\u00bb. Dans certaines r\u00e9gions de France comme la Normandie, on a tendance \u00e0 confondre les sons \u00ab&nbsp;\u00e9&nbsp;\u00bb et \u00ab&nbsp;\u00e8&nbsp;\u00bb. Il existe de nombreux autres exemples. Ce genre de nuances dans la prononciation est fr\u00e9quent. On peut ainsi d\u00e9finir ce que les linguistes appellent un isoglosse. Un isoglosse est une d\u00e9limitation qui s\u00e9pare deux r\u00e9gions d&rsquo;une langue, et de chaque c\u00f4t\u00e9 de cette d\u00e9limitation on prononce une langue d&rsquo;une certaine mani\u00e8re. <\/p>\n\n\n\n<p>Par exemple, il est possible de tracer une d\u00e9limitation en France qui s\u00e9pare les r\u00e9gions o\u00f9 l&rsquo;on dit \u00ab&nbsp;clanche&nbsp;\u00bb des r\u00e9gions o\u00f9 l&rsquo;on dit \u00ab&nbsp;poign\u00e9e de porte&nbsp;\u00bb. Un isoglosse c&rsquo;est \u00e7a, mais on peut le d\u00e9finir pour bien d&rsquo;autres choses qu&rsquo;une expression, comme des diff\u00e9rences de prononciation ou des diff\u00e9rences grammaticales. Ainsi on peut de proche en proche d\u00e9limiter un ensemble de parlers proches les uns des autres et qui forment un ensemble appel\u00e9 continuum dialectal. Plus deux parlers sont proches g\u00e9ographiquement plus ils sont g\u00e9n\u00e9ralement proches linguistiquement, et inversement. Vous comprenez donc g\u00e9n\u00e9ralement mieux une personne du village voisin que quelqu&rsquo;un qui vit \u00e0 100 km de chez vous.<\/p>\n\n\n\n<h3 class=\"has-text-color wp-block-heading\" style=\"color:#e09e2e\">Langue, dialecte ou patois&nbsp;?<\/h3>\n\n\n\n<p>Mais aujourd&rsquo;hui ces diff\u00e9rences ont \u00e9t\u00e9 effac\u00e9es par l&rsquo;introduction d&rsquo;un standard de la langue, souvent bas\u00e9 sur le parler de la capitale, comme c&rsquo;est le cas en France. Cependant certains ou certaines d&rsquo;entre vous ont peut-\u00eatre des grands-parents ou des parents qui parlent ce qu&rsquo;on appelle le patois. Peut-\u00eatre le parlez-vous vous-m\u00eame. Mais qu&rsquo;est-ce que le patois\u00a0? Les linguistes d\u00e9finissent le patois comme un dialecte parl\u00e9 par un groupe tr\u00e8s restreint de personnes, et un dialecte comme une langue parl\u00e9e par un groupe un peu moins restreint de personnes. <\/p>\n\n\n\n<p>Mais dans un dictionnaire nous pouvons trouver cette d\u00e9finition&nbsp;: \u00ab&nbsp;Syst\u00e8me linguistique essentiellement oral, utilis\u00e9 sur une aire r\u00e9duite et dans une communaut\u00e9 d\u00e9termin\u00e9e, g\u00e9n\u00e9ralement rurale, et per\u00e7u par ses utilisateurs comme inf\u00e9rieur \u00e0 la langue officielle.&nbsp;\u00bb En voil\u00e0 une belle d\u00e9finition&#8230; Le patois serait donc une variante de la langue utilis\u00e9e surtout \u00e0 la campagne et \u00e0 l&rsquo;oral, inf\u00e9rieure \u00e0 la langue officielle, consid\u00e9r\u00e9e comme plus correcte voire noble.<\/p>\n\n\n\n<p>Mais une forme d&rsquo;une langue n&rsquo;est pas plus noble ou correcte qu&rsquo;une autre. Nous allons maintenant utiliser le terme de dialecte, moins connot\u00e9, plut\u00f4t que celui de patois. Comme dit pr\u00e9c\u00e9demment, le fran\u00e7ais standard est bas\u00e9 sur le dialecte qui \u00e9tait parl\u00e9 \u00e0 Paris, que l&rsquo;on appelle le francien. Il existe de nombreux dialectes du fran\u00e7ais&nbsp;: le proven\u00e7al, le gascon, le normand ou le picard par exemple.<\/p>\n\n\n\n<h3 class=\"has-text-color wp-block-heading\" style=\"color:#e09e2e\">\u00c9sope pour illustrer<\/h3>\n\n\n\n<p>Illustrons cette diff\u00e9rence avec une fable d\u2019\u00c9sope. Tout d&rsquo;abord en fran\u00e7ais standard\u00a0: \u00ab\u00a0La bise et le soleil se disputaient, chacun assurant qu&rsquo;il \u00e9tait le plus fort, quand ils ont vu un voyageur qui s&rsquo;avan\u00e7ait, envelopp\u00e9 dans son manteau. Ils sont tomb\u00e9s d&rsquo;accord que celui qui arriverait le premier \u00e0 faire \u00f4ter son manteau au voyageur serait regard\u00e9 comme le plus fort. Alors, la bise s&rsquo;est mise \u00e0 souffler de toute sa force mais plus elle soufflait, plus le voyageur serrait son manteau autour de lui et \u00e0 la fin, la bise a renonc\u00e9 \u00e0 le lui faire \u00f4ter. Alors le soleil a commenc\u00e9 \u00e0 briller et au bout d&rsquo;un moment, le voyageur, r\u00e9chauff\u00e9, a \u00f4t\u00e9 son manteau. Ainsi, la bise a d\u00fb reconna\u00eetre que le soleil \u00e9tait le plus fort des deux.\u00a0\u00bb<\/p>\n\n\n\n<p>Maintenant la m\u00eame fable mais en gallo, le dialecte fran\u00e7ais de la Bretagne&nbsp;: \u00ab&nbsp;Le vent fret e le soulai s&rsquo;entr-batint, chaqhun crayant q&rsquo;i tet le pus fort. Cant il ont v\u00fb un vayaijou qi s&rsquo;avancet, pouill\u00eb d&rsquo;un paltaod, i se sont minz d&rsquo;assent pour qe le sien qi ariveret le permier a f\u00e9re tirer son paltaod ao vayaijou seret le pus fort. Aloure le vent fret bufit a toute force m\u00e9s pus q&rsquo;i bufet, pus qe le vayaijou se mucet dan son paltaod A la fin, le vent fret renoncit. Aloure le soulai comencit a raire e ao bout d&rsquo;un moment, d&rsquo;un moment de temp, le vayaijou, rachal\u00eb, a tir\u00eb son paltaod. C&rsquo;\u00e9t de m\u00e9me qe le vent fret a d\u00fb ercon\u00e9tr qe le soulai tet le pus fort des de\u00fbz.&nbsp;\u00bb<\/p>\n\n\n\n<p>M\u00eame si la grande majorit\u00e9 d&rsquo;entre vous ne parle pas gallo, vous avez quand m\u00eame d\u00fb reconna\u00eetre quelques mots, qui ressemblaient plus ou moins \u00e0 ceux que l&rsquo;on conna\u00eet en fran\u00e7ais. Vous auriez sans doute moins bien compris cette fable en proven\u00e7al, qui reste un dialecte du fran\u00e7ais, mais plus \u00e9loign\u00e9 du fran\u00e7ais standard, et ainsi de suite. Si vous ne deviez retenir qu&rsquo;une chose, c&rsquo;est que les langues ne sont pas des objets grav\u00e9s dans le marbre, ce sont des objets variables qui \u00e9voluent en temps r\u00e9el par l&rsquo;utilisation qu&rsquo;en font&nbsp;leurs locuteurs et locutrices.<\/p>\n\n\n\n<p class=\"has-text-align-right\">Gwendal SURZUR<\/p>\n","protected":false},"excerpt":{"rendered":"<p>Dis-leur&nbsp;! Podcasts R\u00e9gionalisme du langage, comment varie une langue selon les r\u00e9gions&nbsp;? Parlons-nous tous et toutes la m\u00eame langue en France&nbsp;? Je veux dire&nbsp;: parlons-nous tous et toutes le m\u00eame fran\u00e7ais&nbsp;? Pour r\u00e9pondre \u00e0 cette question il faudrait d\u00e9finir ce qu&rsquo;est le fran\u00e7ais mais ce n&rsquo;est pas si \u00e9vident que cela. La langue \u00e9volue dans &hellip;<\/p>\n<p class=\"read-more\"> <a class=\"\" href=\"https:\/\/www.lenquetedessens.dealersdescience.com\/index.php\/2021\/01\/19\/podcast-regionalisme-du-langage-comment-varie-une-langue-selon-les-regions\/\"> <span class=\"screen-reader-text\">Podcast : R\u00e9gionalisme du langage, comment varie une langue selon les r\u00e9gions ?<\/span> Lire la suite\u00a0\u00bb<\/a><\/p>\n","protected":false},"author":10,"featured_media":0,"comment_status":"open","ping_status":"open","sticky":false,"template":"","format":"standard","meta":{"site-sidebar-layout":"default","site-content-layout":"default","ast-main-header-display":"","ast-hfb-above-header-display":"","ast-hfb-below-header-display":"","ast-hfb-mobile-header-display":"","site-post-title":"","ast-breadcrumbs-content":"","ast-featured-img":"","footer-sml-layout":"","theme-transparent-header-meta":"default","adv-header-id-meta":"","stick-header-meta":"","header-above-stick-meta":"","header-main-stick-meta":"","header-below-stick-meta":"","footnotes":""},"categories":[55],"tags":[],"class_list":["post-5809","post","type-post","status-publish","format-standard","hentry","category-podcast"],"_links":{"self":[{"href":"https:\/\/www.lenquetedessens.dealersdescience.com\/index.php\/wp-json\/wp\/v2\/posts\/5809","targetHints":{"allow":["GET"]}}],"collection":[{"href":"https:\/\/www.lenquetedessens.dealersdescience.com\/index.php\/wp-json\/wp\/v2\/posts"}],"about":[{"href":"https:\/\/www.lenquetedessens.dealersdescience.com\/index.php\/wp-json\/wp\/v2\/types\/post"}],"author":[{"embeddable":true,"href":"https:\/\/www.lenquetedessens.dealersdescience.com\/index.php\/wp-json\/wp\/v2\/users\/10"}],"replies":[{"embeddable":true,"href":"https:\/\/www.lenquetedessens.dealersdescience.com\/index.php\/wp-json\/wp\/v2\/comments?post=5809"}],"version-history":[{"count":13,"href":"https:\/\/www.lenquetedessens.dealersdescience.com\/index.php\/wp-json\/wp\/v2\/posts\/5809\/revisions"}],"predecessor-version":[{"id":6053,"href":"https:\/\/www.lenquetedessens.dealersdescience.com\/index.php\/wp-json\/wp\/v2\/posts\/5809\/revisions\/6053"}],"wp:attachment":[{"href":"https:\/\/www.lenquetedessens.dealersdescience.com\/index.php\/wp-json\/wp\/v2\/media?parent=5809"}],"wp:term":[{"taxonomy":"category","embeddable":true,"href":"https:\/\/www.lenquetedessens.dealersdescience.com\/index.php\/wp-json\/wp\/v2\/categories?post=5809"},{"taxonomy":"post_tag","embeddable":true,"href":"https:\/\/www.lenquetedessens.dealersdescience.com\/index.php\/wp-json\/wp\/v2\/tags?post=5809"}],"curies":[{"name":"wp","href":"https:\/\/api.w.org\/{rel}","templated":true}]}}