{"id":839,"date":"2020-11-05T17:21:20","date_gmt":"2020-11-05T16:21:20","guid":{"rendered":"http:\/\/www.lenquetedessens.dealersdescience.com\/?p=839"},"modified":"2021-01-18T15:50:33","modified_gmt":"2021-01-18T14:50:33","slug":"lodeur-seche-du-sahara","status":"publish","type":"post","link":"https:\/\/www.lenquetedessens.dealersdescience.com\/index.php\/2020\/11\/05\/lodeur-seche-du-sahara\/","title":{"rendered":"L&rsquo;odeur s\u00e8che du Sahara"},"content":{"rendered":"\n<div class=\"wp-block-cover alignfull has-background-dim\" style=\"background-color:#cfdffc\"><div class=\"wp-block-cover__inner-container is-layout-flow wp-block-cover-is-layout-flow\">\n<div class=\"wp-block-columns is-layout-flex wp-container-core-columns-is-layout-9d6595d7 wp-block-columns-is-layout-flex\">\n<div class=\"wp-block-column is-vertically-aligned-center is-layout-flow wp-block-column-is-layout-flow\">\n<h1 class=\"has-text-align-center has-text-color wp-block-heading\" style=\"color:#1b2c31\">L\u2019odeur s\u00e8che du Sahara<\/h1>\n\n\n\n<h3 class=\"has-text-align-center has-black-color has-text-color wp-block-heading\">Depuis une vingtaine d\u2019ann\u00e9es, les sens font leur apparition dans les recherches en sciences humaines. Des outils encore peu d\u00e9velopp\u00e9s mais pr\u00e9cieux pour comprendre le monde selon l\u2019anthropologue Marie-Luce G\u00e9lard, ma\u00eetre de conf\u00e9rences \u00e0 l\u2019Universit\u00e9 de Paris.<\/h3>\n<\/div>\n<\/div>\n<\/div><\/div>\n\n\n\n<div style=\"height:45px\" aria-hidden=\"true\" class=\"wp-block-spacer\"><\/div>\n\n\n\n<p>Documenter, analyser et comprendre les cultures, c\u2019est le r\u00f4le respectif des ethnographes, ethnologues et anthropologues. Si les sens n\u2019\u00e9taient pas un objet d\u2019\u00e9tudes \u00e0 part enti\u00e8re, Marie-Luce G\u00e9lard les a toujours utilis\u00e9s pour ethnographier le monde. Elle s\u2019int\u00e9resse depuis son doctorat aux populations des r\u00e9gions sahariennes. \u00ab&nbsp;Au d\u00e9but de mes recherches, il a fallu que j\u2019apprenne le berb\u00e8re. Pendant des mois, avant d\u2019avoir une compr\u00e9hension langagi\u00e8re fine, je me suis int\u00e9ress\u00e9e au langage corporel.&nbsp;\u00bb<\/p>\n\n\n\n<div class=\"wp-block-columns is-layout-flex wp-container-core-columns-is-layout-9d6595d7 wp-block-columns-is-layout-flex\">\n<div class=\"wp-block-column is-layout-flow wp-block-column-is-layout-flow\" style=\"flex-basis:33.33%\">\n<p>Mais comment rendre compte de l\u2019ambiance d\u2019un terrain&nbsp;? Comment saisir le go\u00fbt des choses&nbsp;? Comment se repr\u00e9senter l&rsquo;odeur s\u00e8che du Sahara dont parlent les berb\u00e8res&nbsp;? Il faut l\u2019\u00e9prouver. Un exercice d\u2019immersion difficile pour la scientifique&nbsp;: \u00ab&nbsp;Le temps pass\u00e9 \u00e0 ne rien faire, \u00e0 observer, \u00e0 go\u00fbter, \u00e0 entendre, \u00e0 \u00e9couter et \u00e0 d\u00e9crire quotidiennement ce qui se passe autour de vous\u2026 C&rsquo;est comme une sorte de prison.&nbsp;\u00bb <\/p>\n\n\n\n<p>Elle passe de long mois au Maroc, en milieu rural (Haut Atlas) et saharien (Tafilalt). Elle assiste \u00e0 des repas pendant lesquels les sens se substituent aux discours&nbsp;: on y asperge abondamment les convives de parfums, pour exprimer la joie d\u2019\u00eatre r\u00e9uni\u00b7es.<\/p>\n<\/div>\n\n\n\n<div class=\"wp-block-column is-layout-flow wp-block-column-is-layout-flow\" style=\"flex-basis:66.66%\">\n<div class=\"wp-block-image\"><figure class=\"aligncenter size-large is-resized\"><img decoding=\"async\" src=\"http:\/\/www.lenquetedessens.dealersdescience.com\/wp-content\/uploads\/2020\/12\/paysage-1024x768.jpg\" alt=\"\" class=\"wp-image-1877\" width=\"631\" height=\"475\"\/><figcaption>\u00a9 Marie-Luce G\u00c9LARD <br>Paysage d\u00e9sertique qu&rsquo;\u00e9tudie Marie-Luce G\u00e9lard, anthropologue et sp\u00e9cialiste du milieu saharien<\/figcaption><\/figure><\/div>\n<\/div>\n<\/div>\n\n\n\n<h3 class=\"has-text-color wp-block-heading\" style=\"color:#e09e2e\">Les sens nobles et les autres<\/h3>\n\n\n\n<p>Les sens renseignent sur et \u00e0 propos des soci\u00e9t\u00e9s que l\u2019anthropologue examine. \u00ab&nbsp;D&rsquo;un point de vue biologique, les perceptions sensorielles sont les m\u00eames. Mais d&rsquo;un point de vue culturel, elles sont tr\u00e8s diff\u00e9rentes.&nbsp;\u00bb Nos soci\u00e9t\u00e9s occidentales privil\u00e9gient largement les sens \u00e0 distance comme la vue ou l\u2019ou\u00efe, mais s\u2019int\u00e9ressent peu aux sens de proximit\u00e9 comme le go\u00fbt et le toucher. Cette conception du monde n\u2019est pas partag\u00e9e partout. L\u2019anthropologue doit r\u00e9ussir \u00e0 se d\u00e9gager de ses propres pr\u00e9jug\u00e9s sensoriels et penser les sens comme un langage non verbal mais essentiel \u00e0 la communication.<\/p>\n\n\n\n<div style=\"height:45px\" aria-hidden=\"true\" class=\"wp-block-spacer\"><\/div>\n\n\n\n<figure class=\"wp-block-pullquote\" style=\"border-color:#cfdffc\"><blockquote><p>\u00ab&nbsp;Notre luxe, notre valeur, c\u2019est Chanel n\u00b05. Mais si vous le faites respirer \u00e0 une soci\u00e9t\u00e9 qui valorise d\u2019autres types de fragrance (le musc, l&rsquo;encens, le benjoin), il va trouver que \u00e7a ne sent pas tr\u00e8s bon&nbsp;!&nbsp;\u00bb<\/p><cite>Marie-Luce G\u00e9lard<\/cite><\/blockquote><\/figure>\n\n\n\n<div style=\"height:45px\" aria-hidden=\"true\" class=\"wp-block-spacer\"><\/div>\n\n\n\n<p>L\u2019anthropologie sensorielle d\u00e9fendue par Marie-Luce G\u00e9lard n\u2019est pas encore un domaine de recherche constitu\u00e9. Certains sens sont peu \u00e9tudi\u00e9s&nbsp;: le go\u00fbt notamment est devenu un sujet d\u2019\u00e9tudes pour les sciences humaines et sociales depuis vingt ans. Les descriptions de ces sensations sont difficiles car elles font souvent appel \u00e0 peu de mots. Pourtant, les \u00e9tudes sensorielles semblent \u00eatre dans l\u2019air du temps. L\u2019anthropologie a d\u00e9j\u00e0 pu d\u00e9montrer l\u2019impact du sensoriel sur la m\u00e9moire des groupes sociaux ou l\u2019interaction des sens entre eux et non leur isolement.<\/p>\n\n\n\n<p>Il reste beaucoup \u00e0 faire&nbsp;! Pour l\u2019anthropologue Marie-Luce G\u00e9lard, \u00ab&nbsp;il y a un v\u00e9ritable sens \u00e0 entreprendre des \u00e9tudes comparatives de grande envergure&nbsp;\u00bb. La cr\u00e9ation d\u2019un atlas recensant les perceptions sensorielles serait un projet ambitieux et un aboutissement pour la chercheuse. Il pourrait apporter des cl\u00e9s de compr\u00e9hension nouvelles et des m\u00e9thodes neuves pour d\u00e9crire les soci\u00e9t\u00e9s. Un atlas peut-\u00eatre, pour ne plus placer le centre du monde sensoriel en Occident.<\/p>\n\n\n\n<p class=\"has-text-align-right\">Aurore VALEX<\/p>\n\n\n\n<div style=\"height:45px\" aria-hidden=\"true\" class=\"wp-block-spacer\"><\/div>\n\n\n\n<div class=\"wp-block-cover alignfull has-background-dim\" style=\"background-color:#cfdffc;min-height:250px;aspect-ratio:unset;\"><div class=\"wp-block-cover__inner-container is-layout-flow wp-block-cover-is-layout-flow\">\n<h2 class=\"has-black-color has-text-color wp-block-heading\">\u00c0 propos de Marie-Luce G\u00e9lard<\/h2>\n\n\n\n<div class=\"wp-block-columns is-layout-flex wp-container-core-columns-is-layout-9d6595d7 wp-block-columns-is-layout-flex\">\n<div class=\"wp-block-column is-layout-flow wp-block-column-is-layout-flow\">\n<div class=\"wp-block-image\"><figure class=\"aligncenter size-large\"><img decoding=\"async\" width=\"750\" height=\"541\" src=\"http:\/\/www.lenquetedessens.dealersdescience.com\/wp-content\/uploads\/2021\/01\/unnamed-e1609939041797.jpg\" alt=\"\" class=\"wp-image-1879\" srcset=\"https:\/\/www.lenquetedessens.dealersdescience.com\/wp-content\/uploads\/2021\/01\/unnamed-e1609939041797.jpg 750w, https:\/\/www.lenquetedessens.dealersdescience.com\/wp-content\/uploads\/2021\/01\/unnamed-e1609939041797-300x216.jpg 300w\" sizes=\"(max-width: 750px) 100vw, 750px\" \/><figcaption><span class=\"has-inline-color has-black-color\">\u00a9 Marie-Luce G\u00c9LARD<\/span><br><span class=\"has-inline-color has-black-color\">Portrait de Marie-Luce G\u00e9lard, anthropologue et maitre de conf\u00e9rences<\/span><br><span class=\"has-inline-color has-black-color\"><\/span><\/figcaption><\/figure><\/div>\n<\/div>\n\n\n\n<div class=\"wp-block-column is-layout-flow wp-block-column-is-layout-flow\">\n<p class=\"has-black-color has-text-color\">Marie-Luce G\u00e9lard est anthropologue et ma\u00eetre de conf\u00e9rences \u00e0 l\u2019Universit\u00e9 de Paris, au Centre d\u2019anthropologie culturelle (Canthel), sp\u00e9cialiste du Maghreb et du milieu saharien. Elle participe depuis ces derni\u00e8res ann\u00e9es au d\u00e9veloppement de l\u2019anthropologie des sens : elle s\u2019int\u00e9resse notamment aux modalit\u00e9s de la perception sensorielle et de leurs codifications corporelles.<\/p>\n\n\n\n<ul class=\"has-black-color has-text-color wp-block-list\"><li>\u00ab&nbsp;L\u2019anthropologie sensorielle en France&nbsp;: un champ en devenir&nbsp;? \u00bb, L\u2019Homme, F\u00e9vrier 2016, vol. n\u00b0&nbsp;217, n\u00b0&nbsp;1, pp. 91\u2011107.<\/li><li>Les sens en mots, \u00c9ditions P\u00e9tra, coll. \u00ab&nbsp;Univers sensoriels et sciences sociales&nbsp;\u00bb, Paris, 2017.<\/li><li>\u00ab&nbsp;Alimentation et dessiccation en contexte saharien&nbsp;: le go\u00fbt du sec&nbsp;\u00bb, Anthropology of the Middle East. D\u00e9cembre 2020, vol.&nbsp;15, n\u00b0&nbsp;2, pp 55\u201171.<\/li><\/ul>\n<\/div>\n<\/div>\n<\/div><\/div>\n","protected":false},"excerpt":{"rendered":"<p>Documenter, analyser et comprendre les cultures, c\u2019est le r\u00f4le respectif des ethnographes, ethnologues et anthropologues. Si les sens n\u2019\u00e9taient pas un objet d\u2019\u00e9tudes \u00e0 part enti\u00e8re, Marie-Luce G\u00e9lard les a toujours utilis\u00e9s pour ethnographier le monde. Elle s\u2019int\u00e9resse depuis son doctorat aux populations des r\u00e9gions sahariennes. \u00ab&nbsp;Au d\u00e9but de mes recherches, il a fallu que &hellip;<\/p>\n<p class=\"read-more\"> <a class=\"\" href=\"https:\/\/www.lenquetedessens.dealersdescience.com\/index.php\/2020\/11\/05\/lodeur-seche-du-sahara\/\"> <span class=\"screen-reader-text\">L&rsquo;odeur s\u00e8che du Sahara<\/span> Lire la suite\u00a0\u00bb<\/a><\/p>\n","protected":false},"author":2,"featured_media":1877,"comment_status":"open","ping_status":"open","sticky":false,"template":"","format":"standard","meta":{"site-sidebar-layout":"default","site-content-layout":"default","ast-main-header-display":"","ast-hfb-above-header-display":"","ast-hfb-below-header-display":"","ast-hfb-mobile-header-display":"","site-post-title":"","ast-breadcrumbs-content":"","ast-featured-img":"","footer-sml-layout":"","theme-transparent-header-meta":"default","adv-header-id-meta":"","stick-header-meta":"","header-above-stick-meta":"","header-main-stick-meta":"","header-below-stick-meta":"","footnotes":""},"categories":[7],"tags":[],"class_list":["post-839","post","type-post","status-publish","format-standard","has-post-thumbnail","hentry","category-journal"],"_links":{"self":[{"href":"https:\/\/www.lenquetedessens.dealersdescience.com\/index.php\/wp-json\/wp\/v2\/posts\/839","targetHints":{"allow":["GET"]}}],"collection":[{"href":"https:\/\/www.lenquetedessens.dealersdescience.com\/index.php\/wp-json\/wp\/v2\/posts"}],"about":[{"href":"https:\/\/www.lenquetedessens.dealersdescience.com\/index.php\/wp-json\/wp\/v2\/types\/post"}],"author":[{"embeddable":true,"href":"https:\/\/www.lenquetedessens.dealersdescience.com\/index.php\/wp-json\/wp\/v2\/users\/2"}],"replies":[{"embeddable":true,"href":"https:\/\/www.lenquetedessens.dealersdescience.com\/index.php\/wp-json\/wp\/v2\/comments?post=839"}],"version-history":[{"count":43,"href":"https:\/\/www.lenquetedessens.dealersdescience.com\/index.php\/wp-json\/wp\/v2\/posts\/839\/revisions"}],"predecessor-version":[{"id":5384,"href":"https:\/\/www.lenquetedessens.dealersdescience.com\/index.php\/wp-json\/wp\/v2\/posts\/839\/revisions\/5384"}],"wp:featuredmedia":[{"embeddable":true,"href":"https:\/\/www.lenquetedessens.dealersdescience.com\/index.php\/wp-json\/wp\/v2\/media\/1877"}],"wp:attachment":[{"href":"https:\/\/www.lenquetedessens.dealersdescience.com\/index.php\/wp-json\/wp\/v2\/media?parent=839"}],"wp:term":[{"taxonomy":"category","embeddable":true,"href":"https:\/\/www.lenquetedessens.dealersdescience.com\/index.php\/wp-json\/wp\/v2\/categories?post=839"},{"taxonomy":"post_tag","embeddable":true,"href":"https:\/\/www.lenquetedessens.dealersdescience.com\/index.php\/wp-json\/wp\/v2\/tags?post=839"}],"curies":[{"name":"wp","href":"https:\/\/api.w.org\/{rel}","templated":true}]}}