{"id":841,"date":"2020-10-02T17:21:20","date_gmt":"2020-10-02T15:21:20","guid":{"rendered":"http:\/\/www.lenquetedessens.dealersdescience.com\/?p=841"},"modified":"2021-01-18T15:48:19","modified_gmt":"2021-01-18T14:48:19","slug":"le-toucher-un-sens-interdit","status":"publish","type":"post","link":"https:\/\/www.lenquetedessens.dealersdescience.com\/index.php\/2020\/10\/02\/le-toucher-un-sens-interdit\/","title":{"rendered":"Le toucher, un sens interdit ?"},"content":{"rendered":"\n<div class=\"wp-block-cover alignfull has-background-dim\" style=\"background-color:#ffcf91\"><div class=\"wp-block-cover__inner-container is-layout-flow wp-block-cover-is-layout-flow\">\n<div class=\"wp-block-columns is-layout-flex wp-container-core-columns-is-layout-9d6595d7 wp-block-columns-is-layout-flex\">\n<div class=\"wp-block-column is-vertically-aligned-center is-layout-flow wp-block-column-is-layout-flow\">\n<h1 class=\"has-text-align-center has-text-color wp-block-heading\" style=\"color:#1b2c31\">Le toucher, un sens interdit&nbsp;?<\/h1>\n\n\n\n<h3 class=\"has-text-align-center has-black-color has-text-color wp-block-heading\">Figurant parmi les cinq sens physiologiques, le toucher englobe une partie tactile mais aussi \u00e9motionnelle comme l\u2019explique Amel Bengrine-Joret, psychomotricienne en milieu hospitalier.<\/h3>\n<\/div>\n<\/div>\n<\/div><\/div>\n\n\n\n<div style=\"height:45px\" aria-hidden=\"true\" class=\"wp-block-spacer\"><\/div>\n\n\n\n<div class=\"wp-block-columns is-layout-flex wp-container-core-columns-is-layout-9d6595d7 wp-block-columns-is-layout-flex\">\n<div class=\"wp-block-column is-vertically-aligned-center is-layout-flow wp-block-column-is-layout-flow\">\n<div class=\"wp-block-image\"><figure class=\"aligncenter size-large\"><img decoding=\"async\" width=\"1024\" height=\"683\" src=\"https:\/\/www.lenquetedessens.dealersdescience.com\/wp-content\/uploads\/2021\/01\/marco-bianchetti-vzFTmxTl0DQ-unsplash-1024x683.jpg\" alt=\"Deux figurines en bois qui s'enlacent\" class=\"wp-image-3894\" srcset=\"https:\/\/www.lenquetedessens.dealersdescience.com\/wp-content\/uploads\/2021\/01\/marco-bianchetti-vzFTmxTl0DQ-unsplash-1024x683.jpg 1024w, https:\/\/www.lenquetedessens.dealersdescience.com\/wp-content\/uploads\/2021\/01\/marco-bianchetti-vzFTmxTl0DQ-unsplash-300x200.jpg 300w, https:\/\/www.lenquetedessens.dealersdescience.com\/wp-content\/uploads\/2021\/01\/marco-bianchetti-vzFTmxTl0DQ-unsplash-768x512.jpg 768w, https:\/\/www.lenquetedessens.dealersdescience.com\/wp-content\/uploads\/2021\/01\/marco-bianchetti-vzFTmxTl0DQ-unsplash-1536x1024.jpg 1536w, https:\/\/www.lenquetedessens.dealersdescience.com\/wp-content\/uploads\/2021\/01\/marco-bianchetti-vzFTmxTl0DQ-unsplash-2048x1365.jpg 2048w\" sizes=\"(max-width: 1024px) 100vw, 1024px\" \/><figcaption>\u00a9 Marco BIANCHETTI sur Unsplash  <br>\u00ab&nbsp;Si les besoins pouvaient parler, ils diraient \u00e0 celui qui les porte \u00ab ne me jette pas dans les bras de n\u2019importe qui, respecte-moi, \u00e9coute-moi avant.&nbsp;\u00bb Citation de Jacques Salom\u00e9, choisie par Amel Bengrine-Joret pour illustrer ses propos.<\/figcaption><\/figure><\/div>\n<\/div>\n\n\n\n<div class=\"wp-block-column is-vertically-aligned-center is-layout-flow wp-block-column-is-layout-flow\">\n<p>Besoin de chance&nbsp;? Touchez du bois. Besoin de discuter&nbsp;? Touchez-en un mot. Pr\u00e9sent dans de nombreuses expressions bien connues, ce sens physiologique demeure pourtant assez m\u00e9connu, voire tabou. Le toucher, encore appel\u00e9 tact, est le premier sens qu\u2019acquiert l\u2019\u00eatre humain. C\u2019est \u00e0 la huiti\u00e8me semaine de vie intra-ut\u00e9rine que se d\u00e9veloppe ce \u00ab&nbsp;rapport tr\u00e8s direct de l\u2019un \u00e0 l\u2019autre&nbsp;\u00bb comme le d\u00e9crit Amel Bengrine-Joret.<\/p>\n<\/div>\n<\/div>\n\n\n\n<p>Elle pr\u00e9cise que \u00ab&nbsp;le toucher active, chez soi comme chez l\u2019autre, un certain nombre de capteurs au niveau corporel&nbsp;: kinesth\u00e9siques, proprioceptifs&#8230; Ce sont ces r\u00e9cepteurs de pression, de temp\u00e9rature ou encore de mouvements qui permettent de traiter l\u2019information au niveau c\u00e9r\u00e9bral. Ils nous aident \u00e0 avoir toute une cartographie de nous au niveau corporel et psycho-corporel, car c\u2019est au travers du toucher que l\u2019on se construit.&nbsp;\u00bb<\/p>\n\n\n\n<h3 class=\"has-text-color wp-block-heading\" style=\"color:#e09e2e\">D\u2019indispensable \u00e0 tabou<\/h3>\n\n\n\n<p>Petit\u00b7es, les enfants t\u00e2tonnent devant elleux pour se d\u00e9placer. Plus \u00e2g\u00e9\u00b7es, i\u00b7elles portent fr\u00e9quemment des objets \u00e0 leur bouche. Le toucher est donc le sens pr\u00e9pond\u00e9rant du d\u00e9but de vie puisque chaque personne se construit d\u2019abord dans les soins apport\u00e9s d\u00e8s la naissance. N\u00e9anmoins, la psychomotricienne souligne que \u00ab&nbsp;l\u2019on s\u2019\u00e9loigne progressivement de ce contact-l\u00e0&nbsp;\u00bb. L\u2019adulte, par essence, est \u00ab&nbsp;moins enclin au contact car il faut une autorisation pour toucher l\u2019autre. L\u2019interdit de toucher existe car ce sens est aussi li\u00e9 \u00e0 la question de la sexualit\u00e9.&nbsp;\u00bb<\/p>\n\n\n\n<p>En plus d\u2019\u00eatre soumis \u00e0 un indispensable consentement ou une interdiction, le toucher est parfois inappropri\u00e9. \u00ab\u00a0Il n\u2019est tout simplement pas toujours possible de l\u2019employer parce que parfois la personne ne le veut pas ou alors parce que l&rsquo;on ne peut pas l\u2019utiliser sur l\u2019instant\u00a0t.\u00a0\u00bb C\u2019est notamment le cas pour les personnes fragilis\u00e9es, celles atteintes de troubles psychiques, de pathologies psychiatriques ou encore de traumatismes. \u00ab\u00a0Aussi extraordinaire qu\u2019il soit, le toucher ne s\u2019impose pas et n\u2019est en rien obligatoire.\u00a0\u00bb<\/p>\n\n\n\n<p>La censure du toucher s\u2019exerce aussi dans le contexte particulier d\u2019une crise sanitaire o\u00f9 les gestes barri\u00e8res sont les n\u00e9cessaires garde-fous de la contamination. \u00ab&nbsp;Les gens sont demandeurs de toucher. Ils ont besoin de se rapprocher mais il y a quelque chose de fragilis\u00e9, des inqui\u00e9tudes. Il y a une peur de la contamination.&nbsp;\u00bb La n\u00e9cessit\u00e9 d\u2019obtenir l\u2019accord des deux parties, la notion d\u2019espace personnel et les contextes sociaux complexifient ainsi la prise en charge m\u00e9dicale des patient\u00b7es.<\/p>\n\n\n\n<h3 class=\"has-text-color wp-block-heading\" style=\"color:#e09e2e\">Un toucher m\u00e9dical et \u00e9motionnel<\/h3>\n\n\n\n<p>Dans le milieu m\u00e9dical, on peut d\u00e9nombrer deux types de contacts tactiles. \u00ab&nbsp;D\u2019un c\u00f4t\u00e9 les soins tr\u00e8s techniques et codifi\u00e9s comme lors d\u2019une prise de sang et de l\u2019autre le \u00ab\u00a0toucher &#8211; massage\u00a0\u00bb avec un aspect relationnel tr\u00e8s fort.&nbsp;\u00bb C\u2019est principalement ce deuxi\u00e8me contact qui est au c\u0153ur de la pratique des psychomotricien\u00b7nes, des psycho-socio-eth\u00e9ticien\u00b7nes mais aussi des kin\u00e9sith\u00e9rapeutes.<\/p>\n\n\n\n<p>Cette pratique du \u00ab&nbsp;toucher-massage&nbsp;\u00bb vient engager le \u00ab&nbsp;dialogue tonico-\u00e9motionnel&nbsp;\u00bb. \u00ab&nbsp;Dans chaque acte de toucher r\u00e9side une dimension relationnelle forte, une activation des \u00e9motions et des pens\u00e9es.&nbsp;\u00bb Cet \u00e9change silencieux utilise donc la propension du tact \u00e0 r\u00e9veiller les sensations&nbsp;: \u00ab&nbsp;Lorsque l\u2019on touche l\u2019autre il y a des aspects li\u00e9s \u00e0 l\u2019id\u00e9e de d\u00e9tente, de rel\u00e2chement du tonus musculaire, d\u2019apaisement de l\u2019\u00e9tat interne et du niveau d\u2019anxi\u00e9t\u00e9.&nbsp;\u00bb Le but \u00e9tant de travailler au \u00ab&nbsp;niveau perceptif, de chercher \u00e0 savoir ce qui se passe en nous lorsque nous sommes tr\u00e8s tendus. C\u2019est comme tourner la cam\u00e9ra vers soi&nbsp;\u00bb. L\u2019objectif pour les enfants, les patient\u00b7es en cours de sevrage et pour les personnes atteintes de stress post-traumatique concern\u00e9\u00b7es par cette prise en charge est de savoir comment remettre son corps au travail.<\/p>\n\n\n\n<p>Le \u00ab&nbsp;toucher-massage&nbsp;\u00bb agit donc sur tout ce qui est \u00ab&nbsp;remobilisation, image du corps et sch\u00e9ma corporel&nbsp;\u00bb, pr\u00e9cise Amel Bengrine-Joret. Pour ce faire, le corps m\u00e9dical doit adopter beaucoup de bienveillance dans sa pratique&nbsp;: \u00ab&nbsp;C\u2019est une \u00e9coute au-del\u00e0 des sens, de la vue. C\u2019est une \u00e9coute au travers de ce toucher. On ne peut toucher l\u2019autre sans \u00eatre touch\u00e9 soi-m\u00eame.&nbsp;\u00bb<\/p>\n\n\n\n<p class=\"has-text-align-right\">N\u00e9ph\u00e9lie GODIN<\/p>\n\n\n\n<div style=\"height:45px\" aria-hidden=\"true\" class=\"wp-block-spacer\"><\/div>\n\n\n\n<div class=\"wp-block-cover alignfull has-background-dim\" style=\"background-color:#ffcf91;min-height:250px;aspect-ratio:unset;\"><div class=\"wp-block-cover__inner-container is-layout-flow wp-block-cover-is-layout-flow\">\n<h2 class=\"has-black-color has-text-color wp-block-heading\">\u00c0 PROPOS D&rsquo;AMel Bengrine-joret<\/h2>\n\n\n\n<p class=\"has-text-align-left has-black-color has-text-color\">Amel Bengrine-Joret est psychomotricienne dipl\u00f4m\u00e9e d\u2019\u00e9tat depuis 2010. Elle a travaill\u00e9 en milieu hospitalier dans les domaines de la p\u00e9dopsychiatrie (trouble du comportement alimentaire pr\u00e9-pubertaire, refus scolaire anxieux, trouble d\u00e9ficitaire de l\u2019attention avec\/sans hyperactivit\u00e9, trouble anxio-depressif, PTSD) et des maladies chroniques graves en Soins Palliatifs P\u00e9diatriques. Depuis 4 ans, elle travaille dans le domaine de l\u2019addictologie adulte (avec ou sans substance) et des troubles du comportement alimentaire.<\/p>\n<\/div><\/div>\n\n\n\n<div style=\"height:45px\" aria-hidden=\"true\" class=\"wp-block-spacer\"><\/div>\n\n\n\n<p class=\"has-text-align-right\"><\/p>\n","protected":false},"excerpt":{"rendered":"<p>Besoin de chance&nbsp;? Touchez du bois. Besoin de discuter&nbsp;? Touchez-en un mot. Pr\u00e9sent dans de nombreuses expressions bien connues, ce sens physiologique demeure pourtant assez m\u00e9connu, voire tabou. Le toucher, encore appel\u00e9 tact, est le premier sens qu\u2019acquiert l\u2019\u00eatre humain. C\u2019est \u00e0 la huiti\u00e8me semaine de vie intra-ut\u00e9rine que se d\u00e9veloppe ce \u00ab&nbsp;rapport tr\u00e8s direct &hellip;<\/p>\n<p class=\"read-more\"> <a class=\"\" href=\"https:\/\/www.lenquetedessens.dealersdescience.com\/index.php\/2020\/10\/02\/le-toucher-un-sens-interdit\/\"> <span class=\"screen-reader-text\">Le toucher, un sens interdit ?<\/span> Lire la suite\u00a0\u00bb<\/a><\/p>\n","protected":false},"author":6,"featured_media":3894,"comment_status":"open","ping_status":"open","sticky":false,"template":"","format":"standard","meta":{"site-sidebar-layout":"default","site-content-layout":"default","ast-main-header-display":"","ast-hfb-above-header-display":"","ast-hfb-below-header-display":"","ast-hfb-mobile-header-display":"","site-post-title":"","ast-breadcrumbs-content":"","ast-featured-img":"","footer-sml-layout":"","theme-transparent-header-meta":"default","adv-header-id-meta":"","stick-header-meta":"","header-above-stick-meta":"","header-main-stick-meta":"","header-below-stick-meta":"","footnotes":""},"categories":[7],"tags":[],"class_list":["post-841","post","type-post","status-publish","format-standard","has-post-thumbnail","hentry","category-journal"],"_links":{"self":[{"href":"https:\/\/www.lenquetedessens.dealersdescience.com\/index.php\/wp-json\/wp\/v2\/posts\/841","targetHints":{"allow":["GET"]}}],"collection":[{"href":"https:\/\/www.lenquetedessens.dealersdescience.com\/index.php\/wp-json\/wp\/v2\/posts"}],"about":[{"href":"https:\/\/www.lenquetedessens.dealersdescience.com\/index.php\/wp-json\/wp\/v2\/types\/post"}],"author":[{"embeddable":true,"href":"https:\/\/www.lenquetedessens.dealersdescience.com\/index.php\/wp-json\/wp\/v2\/users\/6"}],"replies":[{"embeddable":true,"href":"https:\/\/www.lenquetedessens.dealersdescience.com\/index.php\/wp-json\/wp\/v2\/comments?post=841"}],"version-history":[{"count":28,"href":"https:\/\/www.lenquetedessens.dealersdescience.com\/index.php\/wp-json\/wp\/v2\/posts\/841\/revisions"}],"predecessor-version":[{"id":5445,"href":"https:\/\/www.lenquetedessens.dealersdescience.com\/index.php\/wp-json\/wp\/v2\/posts\/841\/revisions\/5445"}],"wp:featuredmedia":[{"embeddable":true,"href":"https:\/\/www.lenquetedessens.dealersdescience.com\/index.php\/wp-json\/wp\/v2\/media\/3894"}],"wp:attachment":[{"href":"https:\/\/www.lenquetedessens.dealersdescience.com\/index.php\/wp-json\/wp\/v2\/media?parent=841"}],"wp:term":[{"taxonomy":"category","embeddable":true,"href":"https:\/\/www.lenquetedessens.dealersdescience.com\/index.php\/wp-json\/wp\/v2\/categories?post=841"},{"taxonomy":"post_tag","embeddable":true,"href":"https:\/\/www.lenquetedessens.dealersdescience.com\/index.php\/wp-json\/wp\/v2\/tags?post=841"}],"curies":[{"name":"wp","href":"https:\/\/api.w.org\/{rel}","templated":true}]}}