{"id":846,"date":"2020-10-01T17:21:20","date_gmt":"2020-10-01T15:21:20","guid":{"rendered":"http:\/\/www.lenquetedessens.dealersdescience.com\/?p=846"},"modified":"2021-01-18T15:52:59","modified_gmt":"2021-01-18T14:52:59","slug":"focus-sur-la-vision","status":"publish","type":"post","link":"https:\/\/www.lenquetedessens.dealersdescience.com\/index.php\/2020\/10\/01\/focus-sur-la-vision\/","title":{"rendered":"Focus sur la vision"},"content":{"rendered":"\n<div class=\"wp-block-cover alignfull has-background-dim\" style=\"background-color:#e1e1e1\"><div class=\"wp-block-cover__inner-container is-layout-flow wp-block-cover-is-layout-flow\">\n<div class=\"wp-block-columns is-layout-flex wp-container-core-columns-is-layout-9d6595d7 wp-block-columns-is-layout-flex\">\n<div class=\"wp-block-column is-vertically-aligned-center is-layout-flow wp-block-column-is-layout-flow\">\n<h1 class=\"has-text-align-center has-text-color wp-block-heading\" style=\"color:#1b2c31\">Focus sur la vision<\/h1>\n\n\n\n<h3 class=\"has-text-align-center has-black-color has-text-color wp-block-heading\">La vue est un de nos sens les plus sollicit\u00e9s au quotidien. Jean-Fran\u00e7ois Korobelnik, chef du service d\u2019ophtalmologie au CHU de Bordeaux et Serge Picaud, directeur de recherche \u00e0 l\u2019Institut de la vision \u00e0 Paris, nous expliquent son fonctionnement.<\/h3>\n<\/div>\n<\/div>\n<\/div><\/div>\n\n\n\n<div style=\"height:45px\" aria-hidden=\"true\" class=\"wp-block-spacer\"><\/div>\n\n\n\n<p>\u00ab&nbsp;Il y a plusieurs \u00e9tapes compliqu\u00e9es \u00e0 franchir pour comprendre ce que l\u2019on voit \u00bb, nous informe Jean-Fran\u00e7ois Korobelnik du CHU de Bordeaux. \u00ab&nbsp;Au niveau de l\u2019\u0153il, la lumi\u00e8re traverse la corn\u00e9e, le cristallin, le corps vitr\u00e9 et va stimuler les photor\u00e9cepteurs, situ\u00e9s dans la r\u00e9tine.&nbsp;\u00bb Ces photor\u00e9cepteurs vont analyser et transformer le signal lumineux en impulsion \u00e9lectrique, qui va \u00eatre trait\u00e9e par plusieurs types de cellules. L\u2019information transite par le nerf optique jusqu\u2019au cerveau, o\u00f9 elle est modifi\u00e9e pour donner la perception visuelle. \u00ab&nbsp;On a une vision st\u00e9r\u00e9oscopique qui nous permet d\u2019appr\u00e9cier les distances, de voir les reliefs. Le cerveau int\u00e8gre en permanence les informations provenant de nos deux yeux pour donner une seule et m\u00eame perception. \u00bb<\/p>\n\n\n\n<h3 class=\"has-text-color wp-block-heading\" style=\"color:#e09e2e\">Six muscles oculo-moteurs<\/h3>\n\n\n\n<p>Derri\u00e8re la corn\u00e9e, partie ant\u00e9rieure du globe oculaire, se trouve l\u2019iris. Il r\u00e8gle la dilatation et la contraction de la pupille en fonction de l\u2019intensit\u00e9 lumineuse, g\u00e9rant la quantit\u00e9 de lumi\u00e8re qui entre dans l\u2019\u0153il. Le cristallin, lui, permet de faire la nettet\u00e9 sur le fond de l\u2019\u0153il. Ce dernier est tapiss\u00e9 par la r\u00e9tine, compos\u00e9e des cellules qui analysent les signaux lumineux. Au centre de celle-ci se trouve la macula, qui comprend la fov\u00e9a, zone de forte acuit\u00e9 visuelle. Le nerf optique est pr\u00e9sent \u00e0 l\u2019arri\u00e8re de l\u2019\u0153il, c\u2019est un \u00ab&nbsp;c\u00e2ble&nbsp;\u00bb qui permet le transit de l\u2019information de la r\u00e9tine au cerveau. De plus, six muscles oculo-moteurs entourent l\u2019\u0153il, ce sont eux qui nous permettent de regarder dans tous les sens. \u00ab&nbsp;C\u2019est assez miraculeux que quelque chose d\u2019aussi complexe fonctionne&nbsp;\u00bb d\u00e9clare Jean-Fran\u00e7ois Korobelnik.<\/p>\n\n\n\n<h3 class=\"has-text-color wp-block-heading\" style=\"color:#e09e2e\">Chacun sa matrice<\/h3>\n\n\n\n<p>La r\u00e9tine contient deux types de photor\u00e9cepteurs&nbsp;: les c\u00f4nes et les b\u00e2tonnets, qui permettent la vision en couleur. Ils sont r\u00e9partis diff\u00e9remment dans le fond de l\u2019\u0153il. \u00ab Au centre de la r\u00e9tine, on a une zone centrale avec une tr\u00e8s grande acuit\u00e9, compos\u00e9e uniquement de c\u00f4nes&nbsp;\u00bb pr\u00e9cise Serge Picaud, de l\u2019Institut de la vision \u00e0 Paris. Les b\u00e2tonnets sont davantage pr\u00e9sents en p\u00e9riph\u00e9rie&nbsp;: \u00ab&nbsp;Cela explique que lorsque l\u2019on fixe quelque chose on le voit tr\u00e8s finement et que si l\u2019on essaye de percevoir ce qu\u2019il y a autour, on le voit moins distinctement \u00bb, ajoute Jean-Fran\u00e7ois Korobelnik. La distribution en c\u00f4nes varie aussi en fonction des individus&nbsp;: \u00ab&nbsp;Certaines personnes ont 16 fois plus de c\u00f4nes verts que de c\u00f4nes rouges et inversement \u00bb explique Serge Picaud. Mais alors voit-on tous et toutes la m\u00eame chose&nbsp;? Pour le chercheur, non \u00ab&nbsp;dans la mesure o\u00f9 chacun a sa propre matrice de photor\u00e9cepteurs&nbsp;\u00bb.<\/p>\n\n\n\n<h3 class=\"has-text-color wp-block-heading\" style=\"color:#e09e2e\">Une perception modifi\u00e9e<\/h3>\n\n\n\n<p>\u00ab&nbsp;Ce que nous voyons n\u2019est pas la r\u00e9alit\u00e9, il s\u2019agit de ce que notre syst\u00e8me visuel nous donne \u00e0 voir.&nbsp;\u00bb Celui-ci fait appara\u00eetre des illusions d\u2019optique, des mouvements, il modifie le contraste des objets pour que l\u2019on puisse les distinguer de leur contexte. \u00ab&nbsp;Ce renforcement de contraste permet de faire ressortir le bord des objets, lorsque l\u2019on veut visualiser un objet et l\u2019attraper, l\u2019important c\u2019est son contour et non pas sa couleur exacte&nbsp;\u00bb ajoute Serge Picaud.<\/p>\n\n\n\n<h3 class=\"has-text-color wp-block-heading\" style=\"color:#e09e2e\">Un syst\u00e8me sensible &nbsp;<\/h3>\n\n\n\n<div class=\"wp-block-columns is-layout-flex wp-container-core-columns-is-layout-9d6595d7 wp-block-columns-is-layout-flex\">\n<div class=\"wp-block-column is-vertically-aligned-center is-layout-flow wp-block-column-is-layout-flow\">\n<div class=\"wp-block-image\"><figure class=\"aligncenter size-large\"><img decoding=\"async\" width=\"1024\" height=\"683\" src=\"https:\/\/www.lenquetedessens.dealersdescience.com\/wp-content\/uploads\/2021\/01\/CNRS_20170008_0104-1-1024x683.jpg\" alt=\"\" class=\"wp-image-3823\" srcset=\"https:\/\/www.lenquetedessens.dealersdescience.com\/wp-content\/uploads\/2021\/01\/CNRS_20170008_0104-1-1024x683.jpg 1024w, https:\/\/www.lenquetedessens.dealersdescience.com\/wp-content\/uploads\/2021\/01\/CNRS_20170008_0104-1-300x200.jpg 300w, https:\/\/www.lenquetedessens.dealersdescience.com\/wp-content\/uploads\/2021\/01\/CNRS_20170008_0104-1-768x512.jpg 768w, https:\/\/www.lenquetedessens.dealersdescience.com\/wp-content\/uploads\/2021\/01\/CNRS_20170008_0104-1-1536x1024.jpg 1536w, https:\/\/www.lenquetedessens.dealersdescience.com\/wp-content\/uploads\/2021\/01\/CNRS_20170008_0104-1-2048x1365.jpg 2048w\" sizes=\"(max-width: 1024px) 100vw, 1024px\" \/><figcaption>\u00a9 Christophe HARGOUES \/ Institut de la Vision \/ CNRS Phototh\u00e8que<br>Serge Picaud en pr\u00e9sence de ses collaborateurs &#8211; Travaux de recherche sur la r\u00e9tine artificielle. <\/figcaption><\/figure><\/div>\n<\/div>\n\n\n\n<div class=\"wp-block-column is-vertically-aligned-center is-layout-flow wp-block-column-is-layout-flow\">\n<p>L\u2019\u0153il peut \u00eatre touch\u00e9 par de nombreuses pathologies, quatre d\u2019entre elles sont fr\u00e9quentes en France. La plus connue&nbsp;:&nbsp;la cataracte, maladie essentiellement li\u00e9e \u00e0 l\u2019\u00e2ge qui modifie l\u2019opacit\u00e9 du cristallin&nbsp;:&nbsp;\u00ab&nbsp;En France environ 900&nbsp;000 yeux sont op\u00e9r\u00e9s chaque ann\u00e9e&nbsp;\u00bb indique Jean-Fran\u00e7ois Korobelnik. Consid\u00e9r\u00e9e comme une anomalie fr\u00e9quente, la myopie touche aujourd\u2019hui de plus en plus les jeunes, peut-\u00eatre en raison d\u2019une utilisation intensive des \u00e9crans en vision de pr\u00e8s. \u00c0 cause de la s\u00e9dentarit\u00e9 et d\u2019une alimentation souvent d\u00e9s\u00e9quilibr\u00e9e, le nombre de patient\u00b7es diab\u00e9tiques est en augmentation, ce qui induit une croissance constante des complications atteignant la r\u00e9tine. La d\u00e9g\u00e9n\u00e9rescence maculaire li\u00e9e \u00e0 l\u2019\u00e2ge (DMLA) touche des patient\u00b7es \u00e2g\u00e9\u00b7es, qui sont toujours plus nombreux\u00b7ses avec l\u2019augmentation de l\u2019esp\u00e9rance de vie. \u00ab&nbsp;La cataracte, la myopie, la DMLA, le diab\u00e8te, sont de grandes pathologies fr\u00e9quentes, qui n\u00e9cessitent d\u2019\u00eatre d\u00e9pist\u00e9es et soign\u00e9es pour ne pas aboutir \u00e0 une perte de vision.&nbsp;\u00bb Actuellement de nouveaux traitements sont \u00e0 l\u2019essai, afin d\u2019am\u00e9liorer la prise en charge des patient\u00b7es. L\u2019\u00e9quipe de Serge Picaud \u00e0 l\u2019Institut de la vision se concentre sur l\u2019\u00e9tude de la restauration visuelle. \u00c0 travers leurs recherches, ils tentent de r\u00e9aliser un r\u00eave&nbsp;: rendre la vue \u00e0 des personnes devenues aveugles.&nbsp;<\/p>\n<\/div>\n<\/div>\n\n\n\n<p class=\"has-text-align-right\">Johanna BERMUDES<\/p>\n\n\n\n<div style=\"height:45px\" aria-hidden=\"true\" class=\"wp-block-spacer\"><\/div>\n\n\n\n<div class=\"wp-block-cover alignfull has-background-dim\" style=\"background-color:#e1e1e1;min-height:250px;aspect-ratio:unset;\"><div class=\"wp-block-cover__inner-container is-layout-flow wp-block-cover-is-layout-flow\">\n<h2 class=\"has-black-color has-text-color wp-block-heading\">\u00c0 PROPOS DE Jean-fran\u00e7ois korobelnik <\/h2>\n\n\n\n<p class=\"has-text-align-left has-black-color has-text-color\">Jean-Fran\u00e7ois Korobelnik est professeur d\u2019ophtalmologie \u00e0 l\u2019universit\u00e9 de Bordeaux. Il est \u00e9galement chef du service d\u2019ophtalmologie et responsable de l\u2019unit\u00e9 <em>r\u00e9tine, uv\u00e9ites, neuro-ophtalmologie <\/em>du Centre Hospitalier Universitaire de Bordeaux. Avec son \u00e9quipe, il r\u00e9alise de la recherche clinique sur l\u2019\u00e9pid\u00e9miologie des yeux, les maladies maculaires et le d\u00e9collement de la r\u00e9tine. Jean-Fran\u00e7ois Korobelnik est membre de plusieurs soci\u00e9t\u00e9s, comme la Soci\u00e9t\u00e9 fran\u00e7aise d\u2019ophtalmologie ou encore l\u2019Acad\u00e9mie am\u00e9ricaine d\u2019ophtalmologie.<\/p>\n<\/div><\/div>\n\n\n\n<div style=\"height:45px\" aria-hidden=\"true\" class=\"wp-block-spacer\"><\/div>\n\n\n\n<div class=\"wp-block-cover alignfull has-background-dim\" style=\"background-color:#e1e1e1;min-height:250px;aspect-ratio:unset;\"><div class=\"wp-block-cover__inner-container is-layout-flow wp-block-cover-is-layout-flow\">\n<h2 class=\"has-black-color has-text-color wp-block-heading\">\u00c0 PROPOS DE Serge Picaud <\/h2>\n\n\n\n<p class=\"has-text-align-left has-black-color has-text-color\">Serge Picaud est directeur de l\u2019Institut de la vision \u00e0 Paris. Directeur de recherche Inserm, il est responsable de l\u2019\u00e9quipe <em>traitement de l\u2019information visuelle dans la r\u00e9tine&nbsp;: Codage et restauration visuelle<\/em>. Son \u00e9quipe a valid\u00e9 les proth\u00e8ses r\u00e9tiniennes et la th\u00e9rapie optog\u00e9n\u00e9tique, deux approches de restauration visuelle actuellement en essais cliniques. &nbsp;<\/p>\n<\/div><\/div>\n","protected":false},"excerpt":{"rendered":"<p>\u00ab&nbsp;Il y a plusieurs \u00e9tapes compliqu\u00e9es \u00e0 franchir pour comprendre ce que l\u2019on voit \u00bb, nous informe Jean-Fran\u00e7ois Korobelnik du CHU de Bordeaux. \u00ab&nbsp;Au niveau de l\u2019\u0153il, la lumi\u00e8re traverse la corn\u00e9e, le cristallin, le corps vitr\u00e9 et va stimuler les photor\u00e9cepteurs, situ\u00e9s dans la r\u00e9tine.&nbsp;\u00bb Ces photor\u00e9cepteurs vont analyser et transformer le signal lumineux &hellip;<\/p>\n<p class=\"read-more\"> <a class=\"\" href=\"https:\/\/www.lenquetedessens.dealersdescience.com\/index.php\/2020\/10\/01\/focus-sur-la-vision\/\"> <span class=\"screen-reader-text\">Focus sur la vision<\/span> Lire la suite\u00a0\u00bb<\/a><\/p>\n","protected":false},"author":11,"featured_media":3823,"comment_status":"open","ping_status":"open","sticky":false,"template":"","format":"standard","meta":{"site-sidebar-layout":"default","site-content-layout":"default","ast-main-header-display":"","ast-hfb-above-header-display":"","ast-hfb-below-header-display":"","ast-hfb-mobile-header-display":"","site-post-title":"","ast-breadcrumbs-content":"","ast-featured-img":"","footer-sml-layout":"","theme-transparent-header-meta":"default","adv-header-id-meta":"","stick-header-meta":"","header-above-stick-meta":"","header-main-stick-meta":"","header-below-stick-meta":"","footnotes":""},"categories":[7],"tags":[],"class_list":["post-846","post","type-post","status-publish","format-standard","has-post-thumbnail","hentry","category-journal"],"_links":{"self":[{"href":"https:\/\/www.lenquetedessens.dealersdescience.com\/index.php\/wp-json\/wp\/v2\/posts\/846","targetHints":{"allow":["GET"]}}],"collection":[{"href":"https:\/\/www.lenquetedessens.dealersdescience.com\/index.php\/wp-json\/wp\/v2\/posts"}],"about":[{"href":"https:\/\/www.lenquetedessens.dealersdescience.com\/index.php\/wp-json\/wp\/v2\/types\/post"}],"author":[{"embeddable":true,"href":"https:\/\/www.lenquetedessens.dealersdescience.com\/index.php\/wp-json\/wp\/v2\/users\/11"}],"replies":[{"embeddable":true,"href":"https:\/\/www.lenquetedessens.dealersdescience.com\/index.php\/wp-json\/wp\/v2\/comments?post=846"}],"version-history":[{"count":31,"href":"https:\/\/www.lenquetedessens.dealersdescience.com\/index.php\/wp-json\/wp\/v2\/posts\/846\/revisions"}],"predecessor-version":[{"id":5297,"href":"https:\/\/www.lenquetedessens.dealersdescience.com\/index.php\/wp-json\/wp\/v2\/posts\/846\/revisions\/5297"}],"wp:featuredmedia":[{"embeddable":true,"href":"https:\/\/www.lenquetedessens.dealersdescience.com\/index.php\/wp-json\/wp\/v2\/media\/3823"}],"wp:attachment":[{"href":"https:\/\/www.lenquetedessens.dealersdescience.com\/index.php\/wp-json\/wp\/v2\/media?parent=846"}],"wp:term":[{"taxonomy":"category","embeddable":true,"href":"https:\/\/www.lenquetedessens.dealersdescience.com\/index.php\/wp-json\/wp\/v2\/categories?post=846"},{"taxonomy":"post_tag","embeddable":true,"href":"https:\/\/www.lenquetedessens.dealersdescience.com\/index.php\/wp-json\/wp\/v2\/tags?post=846"}],"curies":[{"name":"wp","href":"https:\/\/api.w.org\/{rel}","templated":true}]}}